{"id":12489,"date":"2020-07-22T19:41:12","date_gmt":"2020-07-22T17:41:12","guid":{"rendered":"https:\/\/shopinthecity.it\/genova\/?p=12489"},"modified":"2020-07-23T09:42:13","modified_gmt":"2020-07-23T07:42:13","slug":"compriamoagenova-shop-in-the-city-e-le-aziende-del-territorio-per-il-commercio-locale","status":"publish","type":"post","link":"https:\/\/shopinthecity.it\/genova\/in-evidenza\/compriamoagenova-shop-in-the-city-e-le-aziende-del-territorio-per-il-commercio-locale\/","title":{"rendered":"#COMPRIAMOaGENOVA: Shop in The City e le aziende del territorio per il commercio locale"},"content":{"rendered":"<p><img loading=\"lazy\" decoding=\"async\" class=\"size-medium wp-image-12492 alignleft\" src=\"https:\/\/shopinthecity.it\/genova\/wp-content\/uploads\/sites\/3\/2020\/07\/COMPRIAMOaGENOVA-tiffany-241x300.jpg\" alt=\"\" width=\"241\" height=\"300\" srcset=\"https:\/\/shopinthecity.it\/genova\/wp-content\/uploads\/sites\/3\/2020\/07\/COMPRIAMOaGENOVA-tiffany-241x300.jpg 241w, https:\/\/shopinthecity.it\/genova\/wp-content\/uploads\/sites\/3\/2020\/07\/COMPRIAMOaGENOVA-tiffany-768x955.jpg 768w, https:\/\/shopinthecity.it\/genova\/wp-content\/uploads\/sites\/3\/2020\/07\/COMPRIAMOaGENOVA-tiffany-823x1024.jpg 823w, https:\/\/shopinthecity.it\/genova\/wp-content\/uploads\/sites\/3\/2020\/07\/COMPRIAMOaGENOVA-tiffany-450x560.jpg 450w, https:\/\/shopinthecity.it\/genova\/wp-content\/uploads\/sites\/3\/2020\/07\/COMPRIAMOaGENOVA-tiffany-20x25.jpg 20w, https:\/\/shopinthecity.it\/genova\/wp-content\/uploads\/sites\/3\/2020\/07\/COMPRIAMOaGENOVA-tiffany-225x280.jpg 225w, https:\/\/shopinthecity.it\/genova\/wp-content\/uploads\/sites\/3\/2020\/07\/COMPRIAMOaGENOVA-tiffany-900x1119.jpg 900w, https:\/\/shopinthecity.it\/genova\/wp-content\/uploads\/sites\/3\/2020\/07\/COMPRIAMOaGENOVA-tiffany-1350x1679.jpg 1350w, https:\/\/shopinthecity.it\/genova\/wp-content\/uploads\/sites\/3\/2020\/07\/COMPRIAMOaGENOVA-tiffany.jpg 2778w\" sizes=\"auto, (max-width: 241px) 100vw, 241px\" \/>Il <strong>commercio locale<\/strong> non \u00e8 solo una questione economica, ma \u00e8 soprattutto creazione di socialit\u00e0 e comunit\u00e0. In queste settimane di lockdown abbiamo sentito la mancanza dei nostri negozi preferiti, delle botteghe sotto casa, dei piccoli commercianti che trattano i loro clienti come la cosa pi\u00f9 preziosa che hanno.<\/p>\n<p>Per questo, aiutati da tutta la <strong>redazione di Shop in The City,<\/strong> abbiamo voluto dare un piccolo contributo alla ripartenza.<\/p>\n<p>Sin dalla sua nascita Shop in The City ha voluto essere la <strong>vetrina delle realt\u00e0 locali e dei negozi di qualit\u00e0 della citt\u00e0<\/strong>. Il nostro numero di marzo, quasi pronto per la stampa, \u00e8 stato per\u00f2 bloccato dall'emergenza Coronavirus: impossibile pensare a una distribuzione capillare ed efficace in una citt\u00e0 completamente chiusa.<\/p>\n<p>Quindi abbiamo utilizzato questo tempo per pensare a come proseguire il nostro compito di megafono cittadino, e abbiamo ideato la campagna <strong>#COMPRIAMOaGENOVA<\/strong>.<\/p>\n<p><strong>Cento manifesti affissi in tutta la citt\u00e0<\/strong>, passaggi radiofonici, inserzioni stampa, campagne sui social network e guerrilla marketing per le strade della citt\u00e0. Tutto con un unico messaggio: \u201cfai vivere i negozi del tuo quartiere, vivrai meglio anche tu\u201d.<\/p>\n<p>La nostra idea \u00e8 quella di <strong>sensibilizzare l'opinione pubblica<\/strong> in un momento molto difficile per i commercianti del territorio, ricordando ai Genovesi quanto \u00e8 bello entrare nei negozi della citt\u00e0 e riscoprire il commercio di prossimit\u00e0.<\/p>\n<p>La speranza \u00e8 che questa crisi possa tornare a valorizzare il commercio di prossimit\u00e0, il rapporto umano che le piccole realt\u00e0 riescono a mantenere con i loro clienti, cos\u00ec come hanno dimostrato attivandosi con iniziative diverse durante queste settimane difficili. Ma c'\u00e8 bisogno dell'aiuto di tutti: dobbiamo continuare a sostenere i piccoli commercianti in un momento in cui il rischio \u00e8 quello di soccombere ai grandi competitor internazionali del commercio online.<\/p>\n<p>Per la realizzazione della nostra idea dobbiamo dire <strong>grazie<\/strong> a molte persone. Alla redazione e ai nostri collaboratori, che hanno appoggiato con entusiasmo l'iniziativa. Ai professionisti del marketing e della comunicazione come<strong> Antonella Lanfranco<\/strong>, consulente in marketing e <strong>Maurizio Spagnulo<\/strong> della Leo Burnett, che ha ideato la grafica dell\u2019intera campagna, concretizzata con le immagini di <strong>Stefano Videtta<\/strong> e con la realizzazione grafica di <strong>Antonella Ferrari<\/strong> di Shop in the City.<\/p>\n<p>E un grazie speciale va ai sostenitori della campagna, i co-founder che con il loro contributo ci ha permesso di raddoppiare la copertura della campagna, realt\u00e0 locali \u2013 sostituirei con \u201caziende del territorio\u201d - che hanno voluto aiutare chi come e pi\u00f9 di loro in queste settimane ha subito un danno economico e ha bisogno di una spinta per la ripartenza. <a href=\"https:\/\/www.santanna.it\" target=\"_blank\" rel=\"noopener\">Acqua Sant'Anna<\/a>, <a href=\"http:\/\/www.kelemata.it\" target=\"_blank\" rel=\"noopener\">Perlier Kelemata<\/a>, <a href=\"https:\/\/vibertilingerie.com\" target=\"_blank\" rel=\"noopener\">Viberti Lingerie<\/a>, <a href=\"https:\/\/www.bakeca.it\" target=\"_blank\" rel=\"noopener\">Bakeka.it<\/a>, <a href=\"https:\/\/www.confesercenti.it\" target=\"_blank\" rel=\"noopener\">Confesercenti<\/a> sono coloro che hanno reso realizzabile la nostra idea.<\/p>\n<p>Grazie ai media partner <a href=\"https:\/\/www.ilsecoloxix.it\" target=\"_blank\" rel=\"noopener\">Il Secolo XIX<\/a>, <a href=\"https:\/\/nostalgia.it\" target=\"_blank\" rel=\"noopener\">Radio Nostalgia<\/a> e <a href=\"https:\/\/www.radio19.it\" target=\"_blank\" rel=\"noopener\">Radio 19<\/a> che ci stanno aiutando a amplificare il messaggio anche attraverso le loro emittenti<\/p>\n<p>E l'ultimo, grandissimo grazie va a voi, <strong>Genovesi e lettori di Shop in The City<\/strong>, se vorrete cogliere il nostro messaggio e fare la vostra parte per far ripartire la parte migliore di questa citt\u00e0.<\/p>\n<p><img loading=\"lazy\" decoding=\"async\" class=\"alignnone wp-image-12491 size-full\" src=\"https:\/\/shopinthecity.it\/genova\/wp-content\/uploads\/sites\/3\/2020\/07\/COMPRIAMOaGenova-FB.jpg\" alt=\"\" width=\"1709\" height=\"651\" srcset=\"https:\/\/shopinthecity.it\/genova\/wp-content\/uploads\/sites\/3\/2020\/07\/COMPRIAMOaGenova-FB.jpg 1709w, https:\/\/shopinthecity.it\/genova\/wp-content\/uploads\/sites\/3\/2020\/07\/COMPRIAMOaGenova-FB-300x114.jpg 300w, https:\/\/shopinthecity.it\/genova\/wp-content\/uploads\/sites\/3\/2020\/07\/COMPRIAMOaGenova-FB-768x293.jpg 768w, https:\/\/shopinthecity.it\/genova\/wp-content\/uploads\/sites\/3\/2020\/07\/COMPRIAMOaGenova-FB-1024x390.jpg 1024w, https:\/\/shopinthecity.it\/genova\/wp-content\/uploads\/sites\/3\/2020\/07\/COMPRIAMOaGenova-FB-450x171.jpg 450w, https:\/\/shopinthecity.it\/genova\/wp-content\/uploads\/sites\/3\/2020\/07\/COMPRIAMOaGenova-FB-225x86.jpg 225w, https:\/\/shopinthecity.it\/genova\/wp-content\/uploads\/sites\/3\/2020\/07\/COMPRIAMOaGenova-FB-900x343.jpg 900w, https:\/\/shopinthecity.it\/genova\/wp-content\/uploads\/sites\/3\/2020\/07\/COMPRIAMOaGenova-FB-1350x514.jpg 1350w, https:\/\/shopinthecity.it\/genova\/wp-content\/uploads\/sites\/3\/2020\/07\/COMPRIAMOaGenova-FB-20x8.jpg 20w\" sizes=\"auto, (max-width: 1709px) 100vw, 1709px\" \/><\/p>\n<p>&nbsp;<\/p>\n","protected":false},"excerpt":{"rendered":"<p>Il commercio locale non \u00e8 solo una questione economica, ma \u00e8 soprattutto creazione di socialit\u00e0 e comunit\u00e0. In queste settimane di lockdown abbiamo sentito la mancanza dei nostri negozi preferiti, delle botteghe sotto casa, dei piccoli commercianti che trattano i loro clienti come la cosa pi\u00f9 preziosa che hanno. Per questo, aiutati da tutta la [&hellip;]<\/p>\n","protected":false},"author":7,"featured_media":12490,"comment_status":"open","ping_status":"open","sticky":false,"template":"","format":"standard","meta":{"_acf_changed":false,"_monsterinsights_skip_tracking":false,"_monsterinsights_sitenote_active":false,"_monsterinsights_sitenote_note":"","_monsterinsights_sitenote_category":0,"footnotes":""},"categories":[6,10],"tags":[],"class_list":["post-12489","post","type-post","status-publish","format-standard","has-post-thumbnail","hentry","category-in-evidenza","category-news"],"acf":[],"_links":{"self":[{"href":"https:\/\/shopinthecity.it\/genova\/wp-json\/wp\/v2\/posts\/12489","targetHints":{"allow":["GET"]}}],"collection":[{"href":"https:\/\/shopinthecity.it\/genova\/wp-json\/wp\/v2\/posts"}],"about":[{"href":"https:\/\/shopinthecity.it\/genova\/wp-json\/wp\/v2\/types\/post"}],"author":[{"embeddable":true,"href":"https:\/\/shopinthecity.it\/genova\/wp-json\/wp\/v2\/users\/7"}],"replies":[{"embeddable":true,"href":"https:\/\/shopinthecity.it\/genova\/wp-json\/wp\/v2\/comments?post=12489"}],"version-history":[{"count":0,"href":"https:\/\/shopinthecity.it\/genova\/wp-json\/wp\/v2\/posts\/12489\/revisions"}],"wp:featuredmedia":[{"embeddable":true,"href":"https:\/\/shopinthecity.it\/genova\/wp-json\/wp\/v2\/media\/12490"}],"wp:attachment":[{"href":"https:\/\/shopinthecity.it\/genova\/wp-json\/wp\/v2\/media?parent=12489"}],"wp:term":[{"taxonomy":"category","embeddable":true,"href":"https:\/\/shopinthecity.it\/genova\/wp-json\/wp\/v2\/categories?post=12489"},{"taxonomy":"post_tag","embeddable":true,"href":"https:\/\/shopinthecity.it\/genova\/wp-json\/wp\/v2\/tags?post=12489"}],"curies":[{"name":"wp","href":"https:\/\/api.w.org\/{rel}","templated":true}]}}