{"id":12557,"date":"2020-10-12T16:05:07","date_gmt":"2020-10-12T14:05:07","guid":{"rendered":"https:\/\/shopinthecity.it\/genova\/?p=12543"},"modified":"2020-11-06T17:07:18","modified_gmt":"2020-11-06T16:07:18","slug":"genova-apre-quokka-polo-positivo","status":"publish","type":"post","link":"https:\/\/shopinthecity.it\/genova\/news\/genova-apre-quokka-polo-positivo\/","title":{"rendered":"Genova: apre Quokka Polo Positivo"},"content":{"rendered":"<p>Arriva a<strong> Genova<\/strong> un nuovo <strong>spazio polivalente<\/strong>, dedicato a corsi, spettacoli, eventi e intrattenimento di vario tipo, nel quartiere di Albaro, a due passi da Corso Italia (via Zara 25 rosso, accanto al civico 1).<\/p>\n<p>Lo spazio si propone come punto di ritrovo per il benessere fisico e mentale, un nuovo palco in citt\u00e0 dove proporre spettacoli ed eventi. Una piazza per la creativit\u00e0, che offre anche corsi formativi di teatro, canto, fotografia, musica e non solo. Un luogo dove l\u2019arte e la cultura sono di casa e un\u2019occasione per fare del sorriso l\u2019unica arma di difesa.<\/p>\n<p>Cuore e anima del progetto <strong><a href=\"http:\/\/quokkapolopositivo.com\" target=\"_blank\" rel=\"noopener\">Quokka Polo Positivo<\/a><\/strong> \u00e8 l\u2019attore e cabarettista genovese Alessandro Bergallo, fondatore e direttore artistico della stagione. \u00abIn realt\u00e0, l\u2019idea di fondare uno spazio culturale nel quartiere di Albaro la coltivavo gi\u00e0 da molto tempo \u2013 spiega Bergallo \u2013 L\u2019anno scorso, il progetto si \u00e8 concretizzato e per qualche mese abbiamo proposto spettacoli ed eventi aperti al pubblico, che hanno anche riscosso un notevole successo. Poi a febbraio \u00e8 successo ci\u00f2 che tutti noi sappiamo e siamo stati costretti a chiudere e a fermare le iniziative. Quella di oggi \u00e8 quindi una vera ripartenza: il progetto \u00e8 stato ripensato e abbiamo aggiunto tante nuove attivit\u00e0 adatte a tutti, con un occhio di riguardo per la sicurezza. C\u2019\u00e8 tanta voglia di divertimento e di stare insieme, anche se a un metro e mezzo di distanza\u00bb.<\/p>\n<h3>I CORSI<\/h3>\n<p>Il primo corso che Quokka Polo Positivo ospita fa parte del progetto C.A.S.A - Centro di Alti Studi per l\u2019Attore, con la direzione artistica dell\u2019attore e regista Paolo Antonio Simioni. Si tratta di un percorso completo dedicato agli attori che vogliono perfezionare la tecnica e comprende 5 masterclass di durata annuale tenute da attori e registi di fama internazionale, frequentabili anche singolarmente. I seminari partono il 14 ottobre e approfondiscono i tre aspetti principali di un attore ben formato: l\u2019interpretazione, affrontata da Simioni, gi\u00e0 docente del Teatro Stabile di Genova e acting coach e attore, tra gli altri con Tom Hanks e Ron Howard, il corpo attraverso le lezioni di danza but\u014d tenute da Yumiko Yoshioka, fra le pi\u00f9 importanti danzatrici, coreografe e insegnanti but\u014d a livello internazionale, e la voce (canto armonico), con il compositore e polistrumentista Roberto Laneri.<\/p>\n<p>Gli altri corsi proposti all\u2019interno di Quokka Polo Positivo sono aperti a tutti: dai dilettanti della disciplina, ai professionisti che vogliono affinare l\u2019esperienza, fino a chi vuole mettersi in gioco e scoprire nuovi lati di s\u00e9, con un\u2019attenzione particolare agli attori, alle compagnie teatrali e a chi lavora all\u2019interno del mondo dello spettacolo.<\/p>\n<p>Ogni marted\u00ec a partire dal 3 novembre, si tiene il corso professionale di avvio all\u2019arte scenica \u201cDal corpo alla voce\u201d, condotto da Sarah Pesca, attrice professionista diplomata al Teatro Nazionale di Genova e insegnante di recitazione. Il corso si articola in tre fasi, dal risveglio della voce naturale e del corpo creativo, ai fondamenti della narrazione scenica dell'attore e della recitazione, fino all\u2019'interpretazione del testo e alla costruzione del personaggio. Alla fine del corso \u00e8 prevista una messa in scena finale.<\/p>\n<p>Ogni luned\u00ec sera a partire dal 9 novembre \u00e8 invece in programma \u201cIl polo positivo e comico\u201d, un corso-spettacolo con Alessandro Bergallo e Andrea Begnini che comprende 60 ore di lavoro pi\u00f9 15 ore di perfezionamento finale per la messa in scena della commedia \u201cAlle porte del sole\u201d di Anna Fraioli.<\/p>\n<p>Ogni mercoled\u00ec pomeriggio a partire dal 21 ottobre l\u2019insegnante di canto diplomata al conservatorio Elsa Guerci terr\u00e0 il corso dedicato a bambini e ragazzi \u201cQuokkant - Viaggio nella voce\u201d, dedicato a bambini a ragazzi, mentre ogni marted\u00ec e gioved\u00ec spazio al benessere fisico e mentale con il corso di Hatha Yoga. Dal 18 novembre, inaugurano i corsi di fotografia del mercoled\u00ec sera con il fotografo Donato Aquaro: cinque incontri sulla fotografia d\u2019autore per studiarne il linguaggio e la struttura dell\u2019immagine.<\/p>\n<p>Sempre a novembre \u00e8 in programma il workshop con Paolo Serra \u201cIl tuo primo video\u201d, cinque incontri sulla produzione di contenuti, in cui i partecipanti avranno la possibilit\u00e0 di creare il primo video e specializzarsi nella produzione di spot e contenuti multimediali per il web. Il 19 dicembre debutta il primo corso di public speaking \u201cL\u2019arte di comunicare\u201d con la speaker radiofonica Marina Minetti, un seminario pensato per chi vuole migliorare le proprie capacit\u00e0 espressive.<\/p>\n<p>Il primo corso del 2021, a gennaio, sar\u00e0 \u201cDal gioco alla scena\u201d con Mariella Speranza e Alessandro Bergallo, in cui si affronta l\u2019importanza del gioco come strumento per allenare la mente e il corpo, sviluppare la fantasia, favorire il rilassamento, lo scambio, il confronto e l\u2019arricchimento personale. Il workshop si rivolge in particolare agli attori, ma anche a coloro che vogliono approfondire la conoscenza di se stessi, migliorare la propria capacit\u00e0 di ascolto, e imparare a esprimere le proprie emozioni in piena libert\u00e0.<\/p>\n<p>Il 20 febbraio \u00e8 in programma il workshop con Simone Tositori \u201cEsci fuori\u201d, su come trasformare la propria performance in uno spettacolo di strada, mentre a marzo tornano i corsi di public speaking con \u201cSar\u00f2 breve\u201d di Francesca Isola, in cui i partecipanti possono migliorare il modo di raccontarsi al pubblico. Sempre a marzo \u00e8 in programma un corso di \u201cUfficio stampa e strategie di comunicazione\u201d con Elisa Sirianni in collaborazione con Fattiditeatro: due giornate pensate per artisti, compagnie, creativi e associazioni per introdurre gli strumenti comunicativi del mestiere e capire come impostarli o perfezionarli.<\/p>\n<h3>GLI SPETTACOLI<\/h3>\n<p>Numerosi sono gli spettacoli serali all\u2019insegna della comicit\u00e0 e del divertimento, in programma da ottobre ad aprile nello spazio di via Zara 25 rosso. La stagione parte il 29 ottobre alle 21 con lo spettacolo \u201cPrima ero schizofrenica\u2026 Ora siamo guarite\u201d di Mario Jorio, con l\u2019attrice Sarah Pesca. Un gioco tra l\u2019ironia e la drammaticit\u00e0 della vita, che replica anche il 30-31 ottobre e il primo novembre.<\/p>\n<p>Dal 15 al 17 gennaio, sempre alle 21, debutta lo spettacolo di Alessandro Bergallo e Andrea Begnini \u201cCe le ho tutte\u201d, in cui Bergallo torna a ridere delle proprie ansie, con un divertente teatro-canzone basato sull'improvvisazione musicale, accompagnato dalle note del contrabbassista Federico Bagnasco.<\/p>\n<p>Il 13 e il 14 febbraio, alle 21, \u00e8 in scena \u201cA Cuore Crudo\u201d di e con Marina Minetti, uno spettacolo dedicato all\u2019amore, ai mal di pancia e alle stelle comete, mentre il 19 e il 20 febbraio, \u00e8 in programma \u201cIl Rasoio di Quokkam\u201d di Alessandro Bergallo e Andrea Begnini, in cui si trattano temi scientifici e apparentemente complessi, attraverso il divertimento e il coinvolgimento del pubblico. Lo spettacolo replica anche il 19 e 20 marzo e il 24 e 25 aprile e ogni volta vedr\u00e0 la partecipazione di ospiti diversi come Guido Gnone e Roberta Parodi, biologi e ricercatori dell\u2019Acquario di Genova, Sara Padovano, psicologa e sessuologa e Camilla Doria, medico veterinario.<\/p>\n<p>Dal 26 al 28 marzo si tiene lo spettacolo \u201cDove va la vita la vie va o\u00f9?\u201d di Mich\u00e8le Guigon, con protagonista Mariella Speranza. Una rappresentazione che affronta il delicato tema della malattia senza cadere nel patetico, ma con energia positiva e talvolta con ironia.<\/p>\n<p>Infine, dal 9 all\u201911 aprile, sempre alle 21, chiude la stagione lo spettacolo \u201cVai, che sei forte\u201d di Marco Arena e Paolo Fittipaldi: un viaggio attraverso l'inestimabile patrimonio storico e paesaggistico genovese e in particolare tra i forti di Genova, la pi\u00f9 importante opera di architettura militare nel mondo, dopo la Muraglia Cinese.<\/p>\n","protected":false},"excerpt":{"rendered":"<p>Arriva a Genova un nuovo spazio polivalente, dedicato a corsi, spettacoli, eventi e intrattenimento di vario tipo, nel quartiere di Albaro, a due passi da Corso Italia (via Zara 25 rosso, accanto al civico 1). Lo spazio si propone come punto di ritrovo per il benessere fisico e mentale, un nuovo palco in citt\u00e0 dove [&hellip;]<\/p>\n","protected":false},"author":7,"featured_media":12575,"comment_status":"open","ping_status":"open","sticky":false,"template":"","format":"image","meta":{"_acf_changed":false,"_monsterinsights_skip_tracking":false,"_monsterinsights_sitenote_active":false,"_monsterinsights_sitenote_note":"","_monsterinsights_sitenote_category":0,"footnotes":""},"categories":[10],"tags":[],"class_list":["post-12557","post","type-post","status-publish","format-image","has-post-thumbnail","hentry","category-news","post_format-post-format-image"],"acf":[],"_links":{"self":[{"href":"https:\/\/shopinthecity.it\/genova\/wp-json\/wp\/v2\/posts\/12557","targetHints":{"allow":["GET"]}}],"collection":[{"href":"https:\/\/shopinthecity.it\/genova\/wp-json\/wp\/v2\/posts"}],"about":[{"href":"https:\/\/shopinthecity.it\/genova\/wp-json\/wp\/v2\/types\/post"}],"author":[{"embeddable":true,"href":"https:\/\/shopinthecity.it\/genova\/wp-json\/wp\/v2\/users\/7"}],"replies":[{"embeddable":true,"href":"https:\/\/shopinthecity.it\/genova\/wp-json\/wp\/v2\/comments?post=12557"}],"version-history":[{"count":0,"href":"https:\/\/shopinthecity.it\/genova\/wp-json\/wp\/v2\/posts\/12557\/revisions"}],"wp:featuredmedia":[{"embeddable":true,"href":"https:\/\/shopinthecity.it\/genova\/wp-json\/wp\/v2\/media\/12575"}],"wp:attachment":[{"href":"https:\/\/shopinthecity.it\/genova\/wp-json\/wp\/v2\/media?parent=12557"}],"wp:term":[{"taxonomy":"category","embeddable":true,"href":"https:\/\/shopinthecity.it\/genova\/wp-json\/wp\/v2\/categories?post=12557"},{"taxonomy":"post_tag","embeddable":true,"href":"https:\/\/shopinthecity.it\/genova\/wp-json\/wp\/v2\/tags?post=12557"}],"curies":[{"name":"wp","href":"https:\/\/api.w.org\/{rel}","templated":true}]}}