{"id":10415,"date":"2018-12-20T18:33:14","date_gmt":"2018-12-20T17:33:14","guid":{"rendered":"https:\/\/shopinthecity.it\/torino\/?p=10415"},"modified":"2018-12-20T18:34:09","modified_gmt":"2018-12-20T17:34:09","slug":"personal-shopper-in-mini","status":"publish","type":"post","link":"https:\/\/shopinthecity.it\/torino\/personal-shopper-in-mini\/","title":{"rendered":"Personal Shopper in Mini"},"content":{"rendered":"<p>Un giorno di shopping sfrenato rubato al lavoro che Germana ama e che la vede volare tra Torino e <a href=\"https:\/\/visitabudhabi.ae\/\" target=\"_blank\" rel=\"noopener\">Abu Dhabi<\/a>. Sembra proprio un frame di <a href=\"https:\/\/www.foxlife.it\/sex-and-the-city\/\" target=\"_blank\" rel=\"noopener\">Sex and the City<\/a>. Protagonista di questo appuntamento \u00e8 <strong>Germana Garrone, imprenditrice che gestisce il <a href=\"http:\/\/www.ccicongress.com\/it\/\" target=\"_blank\" rel=\"noopener\">CCI-Centro Congressi Internazionale<\/a> di via San Francesco da Paola e nel tempo libero pratica pilates, scia e adora viaggiare<\/strong> per scoprire mondi nuovi.<\/p>\n<p>Isabella e Germana sfrecciano in pieno confort sulla nuova <a href=\"https:\/\/www.mini.it\/it_IT\/home.html\" target=\"_blank\" rel=\"noopener\">Mini<\/a>.<\/p>\n<p><img loading=\"lazy\" decoding=\"async\" class=\"size-medium wp-image-10417 alignleft\" src=\"https:\/\/shopinthecity.it\/torino\/wp-content\/uploads\/sites\/2\/2018\/12\/MGL9983-200x300.jpg\" alt=\"\" width=\"200\" height=\"300\" srcset=\"https:\/\/shopinthecity.it\/torino\/wp-content\/uploads\/sites\/2\/2018\/12\/MGL9983-200x300.jpg 200w, https:\/\/shopinthecity.it\/torino\/wp-content\/uploads\/sites\/2\/2018\/12\/MGL9983-450x675.jpg 450w, https:\/\/shopinthecity.it\/torino\/wp-content\/uploads\/sites\/2\/2018\/12\/MGL9983-225x338.jpg 225w, https:\/\/shopinthecity.it\/torino\/wp-content\/uploads\/sites\/2\/2018\/12\/MGL9983-20x30.jpg 20w, https:\/\/shopinthecity.it\/torino\/wp-content\/uploads\/sites\/2\/2018\/12\/MGL9983.jpg 662w\" sizes=\"auto, (max-width: 200px) 100vw, 200px\" \/>Siamo passate da <a href=\"https:\/\/www.qcterme.com\/it\" target=\"_blank\" rel=\"noopener\">QcTerme<\/a> perch\u00e9 ci sono novit\u00e0 in vista del Natale: <strong>\u00e8 infatti possibile regalare un voucher valido in tutte le Spa del gruppo con pernottamento e cena<\/strong> nei wellness hotel di Pre Saint Didier, Bormio e Roma. Un caff\u00e8 da Gerla e via pronte alla ricerca di abiti, accessori e idee regalo.<\/p>\n<div class=\"page\" title=\"Page 27\">\n<div class=\"layoutArea\">\n<div class=\"column\">\n<p><strong><a href=\"http:\/\/www.massanova.it\" target=\"_blank\" rel=\"noopener\">Massanova<\/a> in via Pietro Micca \u00e8 il negozio che ci permette di accrescere la nostra competenza in fatto di moda<\/strong>, di stile e di qualit\u00e0 dei prodotti. Infatti una delle tre sorelle che gestisce il negozio ci segue e ci racconta come grazie alla loro esperienza oggi riescono a far produrre dei capi a marchio Massanova che soddisfano ampiamente la clientela e che ben si affiancano ai marchi da loro venduti.<\/p>\n<p><strong><img loading=\"lazy\" decoding=\"async\" class=\"alignnone wp-image-10419 size-full\" src=\"https:\/\/shopinthecity.it\/torino\/wp-content\/uploads\/sites\/2\/2018\/12\/MGL0098.jpg\" alt=\"\" width=\"993\" height=\"662\" srcset=\"https:\/\/shopinthecity.it\/torino\/wp-content\/uploads\/sites\/2\/2018\/12\/MGL0098.jpg 993w, https:\/\/shopinthecity.it\/torino\/wp-content\/uploads\/sites\/2\/2018\/12\/MGL0098-300x200.jpg 300w, https:\/\/shopinthecity.it\/torino\/wp-content\/uploads\/sites\/2\/2018\/12\/MGL0098-768x512.jpg 768w, https:\/\/shopinthecity.it\/torino\/wp-content\/uploads\/sites\/2\/2018\/12\/MGL0098-450x300.jpg 450w, https:\/\/shopinthecity.it\/torino\/wp-content\/uploads\/sites\/2\/2018\/12\/MGL0098-225x150.jpg 225w, https:\/\/shopinthecity.it\/torino\/wp-content\/uploads\/sites\/2\/2018\/12\/MGL0098-900x600.jpg 900w, https:\/\/shopinthecity.it\/torino\/wp-content\/uploads\/sites\/2\/2018\/12\/MGL0098-20x13.jpg 20w\" sizes=\"auto, (max-width: 993px) 100vw, 993px\" \/>Si comincia ad avvertire la fame e proprio dietro a Massanova troviamo in Galleria San Federico <a href=\"https:\/\/fiorfood.it\/\" target=\"_blank\" rel=\"noopener\">Fior Food<\/a><\/strong>. Prima di entrare restiamo colpite da un gruppo di turisti che parlano della qualit\u00e0 del cibo italiano in special modo della Coop che con Fior Food esalta le eccellenze.<\/p>\n<p><img loading=\"lazy\" decoding=\"async\" class=\"aligncenter wp-image-10418 size-full\" src=\"https:\/\/shopinthecity.it\/torino\/wp-content\/uploads\/sites\/2\/2018\/12\/MGL0227.jpg\" alt=\"\" width=\"993\" height=\"662\" srcset=\"https:\/\/shopinthecity.it\/torino\/wp-content\/uploads\/sites\/2\/2018\/12\/MGL0227.jpg 993w, https:\/\/shopinthecity.it\/torino\/wp-content\/uploads\/sites\/2\/2018\/12\/MGL0227-300x200.jpg 300w, https:\/\/shopinthecity.it\/torino\/wp-content\/uploads\/sites\/2\/2018\/12\/MGL0227-768x512.jpg 768w, https:\/\/shopinthecity.it\/torino\/wp-content\/uploads\/sites\/2\/2018\/12\/MGL0227-450x300.jpg 450w, https:\/\/shopinthecity.it\/torino\/wp-content\/uploads\/sites\/2\/2018\/12\/MGL0227-225x150.jpg 225w, https:\/\/shopinthecity.it\/torino\/wp-content\/uploads\/sites\/2\/2018\/12\/MGL0227-900x600.jpg 900w, https:\/\/shopinthecity.it\/torino\/wp-content\/uploads\/sites\/2\/2018\/12\/MGL0227-20x13.jpg 20w\" sizes=\"auto, (max-width: 993px) 100vw, 993px\" \/><\/p>\n<div class=\"page\" title=\"Page 28\">\n<div class=\"layoutArea\">\n<div class=\"column\">\n<p><strong>Gioielli, super gioielli e super bijoux da <a href=\"http:\/\/www.gioielleriabulgarelli.com\" target=\"_blank\" rel=\"noopener\">Luciana Bulgarelli<\/a><\/strong>. Ci perdiamo nelle collezioni Filodamore e Filodellavita di <a href=\"https:\/\/www.rubinia.com\" target=\"_blank\" rel=\"noopener\">Rubinia Gioielli<\/a> ma per Natale il negozio \u00e8 pieno di accessori per tutti i gusti, un salto \u00e8 doveroso anche solo per scoprire le borse fatte con tappeti etnici realizzate da Vigiano.<\/p>\n<\/div>\n<div class=\"page\" title=\"Page 29\">\n<div class=\"layoutArea\">\n<div class=\"column\">\n<p><img loading=\"lazy\" decoding=\"async\" class=\"alignnone wp-image-10420 size-full\" src=\"https:\/\/shopinthecity.it\/torino\/wp-content\/uploads\/sites\/2\/2018\/12\/MGL0177.jpg\" alt=\"\" width=\"993\" height=\"662\" srcset=\"https:\/\/shopinthecity.it\/torino\/wp-content\/uploads\/sites\/2\/2018\/12\/MGL0177.jpg 993w, https:\/\/shopinthecity.it\/torino\/wp-content\/uploads\/sites\/2\/2018\/12\/MGL0177-300x200.jpg 300w, https:\/\/shopinthecity.it\/torino\/wp-content\/uploads\/sites\/2\/2018\/12\/MGL0177-768x512.jpg 768w, https:\/\/shopinthecity.it\/torino\/wp-content\/uploads\/sites\/2\/2018\/12\/MGL0177-450x300.jpg 450w, https:\/\/shopinthecity.it\/torino\/wp-content\/uploads\/sites\/2\/2018\/12\/MGL0177-225x150.jpg 225w, https:\/\/shopinthecity.it\/torino\/wp-content\/uploads\/sites\/2\/2018\/12\/MGL0177-900x600.jpg 900w, https:\/\/shopinthecity.it\/torino\/wp-content\/uploads\/sites\/2\/2018\/12\/MGL0177-20x13.jpg 20w\" sizes=\"auto, (max-width: 993px) 100vw, 993px\" \/><\/p>\n<p>Per sentirci ancora pi\u00f9 fashion e perfette per il nostro servizio fotografico ci facciamo sistemare da <strong><a href=\"https:\/\/cab.moda\/\" target=\"_blank\" rel=\"noopener\">Cab Parrucchieri<\/a>: tutto il personale, esperto e formato, ci coccola e per finire ci stupisce con un buono omaggio<\/strong>. Una buona idea regalo.<\/p>\n<p><img loading=\"lazy\" decoding=\"async\" class=\"alignnone wp-image-10421 size-full\" src=\"https:\/\/shopinthecity.it\/torino\/wp-content\/uploads\/sites\/2\/2018\/12\/MGL0248.jpg\" alt=\"\" width=\"993\" height=\"662\" srcset=\"https:\/\/shopinthecity.it\/torino\/wp-content\/uploads\/sites\/2\/2018\/12\/MGL0248.jpg 993w, https:\/\/shopinthecity.it\/torino\/wp-content\/uploads\/sites\/2\/2018\/12\/MGL0248-300x200.jpg 300w, https:\/\/shopinthecity.it\/torino\/wp-content\/uploads\/sites\/2\/2018\/12\/MGL0248-768x512.jpg 768w, https:\/\/shopinthecity.it\/torino\/wp-content\/uploads\/sites\/2\/2018\/12\/MGL0248-450x300.jpg 450w, https:\/\/shopinthecity.it\/torino\/wp-content\/uploads\/sites\/2\/2018\/12\/MGL0248-225x150.jpg 225w, https:\/\/shopinthecity.it\/torino\/wp-content\/uploads\/sites\/2\/2018\/12\/MGL0248-900x600.jpg 900w, https:\/\/shopinthecity.it\/torino\/wp-content\/uploads\/sites\/2\/2018\/12\/MGL0248-20x13.jpg 20w\" sizes=\"auto, (max-width: 993px) 100vw, 993px\" \/><\/p>\n<div class=\"page\" title=\"Page 30\">\n<div class=\"layoutArea\">\n<div class=\"column\">\n<p>Ancora un giro sotto i portici per fare due chiacchiere e, per finire, un salto da <a href=\"https:\/\/www.freddy.com\" target=\"_blank\" rel=\"noopener\">Freddy<\/a>, perch\u00e9 i suoi pantaloni push up sono da provare.<\/p>\n<\/div>\n<\/div>\n<\/div>\n<\/div>\n<\/div>\n<\/div>\n<\/div>\n<\/div>\n<\/div>\n<\/div>\n<\/div>\n","protected":false},"excerpt":{"rendered":"<p>Un giorno di shopping sfrenato rubato al lavoro che Germana ama e che la vede volare tra Torino e Abu Dhabi. Sembra proprio un frame di Sex and the City. Protagonista di questo appuntamento \u00e8 Germana Garrone, imprenditrice che gestisce il CCI-Centro Congressi Internazionale di via San Francesco da Paola e nel tempo libero pratica [&hellip;]<\/p>\n","protected":false},"author":7,"featured_media":10416,"comment_status":"open","ping_status":"open","sticky":false,"template":"","format":"image","meta":{"_acf_changed":false,"_monsterinsights_skip_tracking":false,"_monsterinsights_sitenote_active":false,"_monsterinsights_sitenote_note":"","_monsterinsights_sitenote_category":0,"footnotes":""},"categories":[133],"tags":[34,52,118],"class_list":["post-10415","post","type-post","status-publish","format-image","has-post-thumbnail","hentry","category-personal-shopper","tag-shopping","tag-torino","tag-moda","post_format-post-format-image"],"acf":[],"_links":{"self":[{"href":"https:\/\/shopinthecity.it\/torino\/wp-json\/wp\/v2\/posts\/10415","targetHints":{"allow":["GET"]}}],"collection":[{"href":"https:\/\/shopinthecity.it\/torino\/wp-json\/wp\/v2\/posts"}],"about":[{"href":"https:\/\/shopinthecity.it\/torino\/wp-json\/wp\/v2\/types\/post"}],"author":[{"embeddable":true,"href":"https:\/\/shopinthecity.it\/torino\/wp-json\/wp\/v2\/users\/7"}],"replies":[{"embeddable":true,"href":"https:\/\/shopinthecity.it\/torino\/wp-json\/wp\/v2\/comments?post=10415"}],"version-history":[{"count":0,"href":"https:\/\/shopinthecity.it\/torino\/wp-json\/wp\/v2\/posts\/10415\/revisions"}],"wp:featuredmedia":[{"embeddable":true,"href":"https:\/\/shopinthecity.it\/torino\/wp-json\/wp\/v2\/media\/10416"}],"wp:attachment":[{"href":"https:\/\/shopinthecity.it\/torino\/wp-json\/wp\/v2\/media?parent=10415"}],"wp:term":[{"taxonomy":"category","embeddable":true,"href":"https:\/\/shopinthecity.it\/torino\/wp-json\/wp\/v2\/categories?post=10415"},{"taxonomy":"post_tag","embeddable":true,"href":"https:\/\/shopinthecity.it\/torino\/wp-json\/wp\/v2\/tags?post=10415"}],"curies":[{"name":"wp","href":"https:\/\/api.w.org\/{rel}","templated":true}]}}