{"id":13685,"date":"2020-10-27T10:25:21","date_gmt":"2020-10-27T09:25:21","guid":{"rendered":"https:\/\/shopinthecity.it\/torino\/?p=13501"},"modified":"2020-11-06T16:19:55","modified_gmt":"2020-11-06T15:19:55","slug":"odio-e-amo-torino-infermiere-a-confronto","status":"publish","type":"post","link":"https:\/\/shopinthecity.it\/torino\/odio-e-amo-torino-infermiere-a-confronto\/","title":{"rendered":"Odio e Amo Torino: infermiere a confronto"},"content":{"rendered":"<p>\"I nostri angeli\": cos\u00ec abbiamo chiamato il personale sanitario per molti mesi, quando l'emergenza Covid-19 aveva il suo picco massimo e chi lavorava in ospedale aveva il duro compito di combatterla. Medici, operatori e infermieri, che ancora si adoperano per contenere la pandemia e salvare chi si ammala. Non dobbiamo dimenticarceli neanche ora che il peggio sembra passato, e neanche quando quest'incubo ce lo saremo lasciato alle spalle. Noi di Shop in The City abbiamo pensato di omaggiarli cos\u00ec: rendendo protagoniste della nostra rubrica due giovani infermiere torinesi.<\/p>\n<p><strong>Chiara Bommarito, infermiera<\/strong><br \/>\n<img loading=\"lazy\" decoding=\"async\" class=\"wp-image-13502 size-full aligncenter\" src=\"https:\/\/shopinthecity.it\/torino\/wp-content\/uploads\/sites\/2\/2020\/10\/foto-Chiara.jpg\" alt=\"\" width=\"1310\" height=\"1965\">\"Sono torinese di nascita e di cuore, follemente innamorata della mia citt\u00e0.&nbsp;Torino ha le dimensioni ideali, abbastanza per sentirsi cosmopoliti e non annoiarsi ma non troppo grandi da sentirsi dispers. Il carattere del torinese mi \u00e8 congeniale: riservato, discreto, mai dozzinale. Si parla con un tono moderatamente basso e se si pu\u00f2 sembrare sfuggenti \u00e8 perch\u00e9 \"non ci si osa\". La modestia della citt\u00e0 la rende secondo me una timidona che si lascia scoprire pian piano. Amo molto il suo aspetto friendly , la vasta comunit\u00e0 lgbtl+ , la tutela delle minoranze e l'essere multietnica.<br \/>\nAdoro e mi manca la sua anima underground, la possibilit\u00e0 che offriva a tutti di trovare un club, una discoteca, uno scantinato, un prato dove poter sentire il proprio genere musicale del cuore, anche se alternativo o fuori dalla moda del momento.<br \/>\nApprezzo la svolta green che sta prendendo la citt\u00e0: non ho la macchina per scelta, vivendo e lavorando in Torino basta uno scooter e i mezzi pubblici o in share, ho la fortuna che pur abitando in periferia sono bel collegata a tutto grazie alla metro (che non vedo l\u2019ora si espanda, mi piace moltissimo). Auguro a Torino di recuperare un po\u2019 del suo potenziale inespresso, che tanto abbiamo amato noi che abbiamo conosciuto Torino sotto Olimpiadi: si merita di competere attivamente con le altre citt\u00e0 turistiche pi\u00f9 note e blasonate, si merita di riscoprire la propria aria superiore e alternativa dato che quella mistica e folcloristica fortunatamente non l\u2019ha mai abbandonata\".<\/p>\n<p><strong>Sabrin Abd El Khalek, infermiera<\/strong><\/p>\n<p><img loading=\"lazy\" decoding=\"async\" class=\"size-full wp-image-13503 alignnone\" src=\"https:\/\/shopinthecity.it\/torino\/wp-content\/uploads\/sites\/2\/2020\/10\/20200929_193008.jpg\" alt=\"\" width=\"1310\" height=\"1746\"><\/p>\n<p>\"Da dove cominciare? Be', dal clima! \u00c8 forse in assoluto la cosa che pi\u00f9 detesto di Torino: il freddo, il grigio e la pioggia che quando inizia dura un mese. La detesto un po' di pi\u00f9, con i miei capelli ricci che hanno bisogno di una piega quando arriva la brutta stagione.<br \/>\nE che dire della movida? Ai miei tempi (s\u00ec, lo so che sembro una novantenne nostalgica) era tutta concentrata ai Murazzi, pieni di locali e gente: tanti progetti per un posto che ad oggi sa solo di abbandono.<br \/>\nNon \u00e8 per\u00f2 l\u2019unica zona che attende ormai da tempo una riqualificazione. San Salvario (che almeno un piccolo salto di qualit\u00e0 lo ha fatto), Porta Palazzo: tutte zone con un enorme potenziale, multietniche e ricche di locali commerciali ma che, soprattutto di sera, si trasformano in luoghi da evitare, per un motivo o per l'altro. E se decidi di addentrarti nelle vie del centro metti in conto di passare met\u00e0 della serata alla ricerca del parcheggio. Per carit\u00e0, molto bella la nascita dei vari servizi di trasporto \u201cgreen\u201d e alternativo, ma ti voglio vedere su una bici senza sella (se va bene, se no a mancare sono le ruote). Qui la colpa per\u00f2 \u00e8 dei Torinesi che non sono falsi e cortesi, ma spesso freddi come il clima: se gli chiedi indicazioni stradali capita che ti dicano che non sono nel luogo o che puoi guardare su Google.<br \/>\nMa Torino \u00e8 cos\u00ec.. \u00e8 un po' come un matrimonio, la ami nel bene e nel male. Nonostante i suoi difetti resta la MIA citt\u00e0!\"<\/p>\n","protected":false},"excerpt":{"rendered":"<p>\"I nostri angeli\": cos\u00ec abbiamo chiamato il personale sanitario per molti mesi, quando l'emergenza Covid-19 aveva il suo picco massimo e chi lavorava in ospedale aveva il duro compito di combatterla. Medici, operatori e infermieri, che ancora si adoperano per contenere la pandemia e salvare chi si ammala. Non dobbiamo dimenticarceli neanche ora che il [&hellip;]<\/p>\n","protected":false},"author":7,"featured_media":13750,"comment_status":"open","ping_status":"open","sticky":false,"template":"","format":"image","meta":{"_acf_changed":false,"_monsterinsights_skip_tracking":false,"_monsterinsights_sitenote_active":false,"_monsterinsights_sitenote_note":"","_monsterinsights_sitenote_category":0,"footnotes":""},"categories":[85],"tags":[],"class_list":["post-13685","post","type-post","status-publish","format-image","has-post-thumbnail","hentry","category-people","post_format-post-format-image"],"acf":[],"_links":{"self":[{"href":"https:\/\/shopinthecity.it\/torino\/wp-json\/wp\/v2\/posts\/13685","targetHints":{"allow":["GET"]}}],"collection":[{"href":"https:\/\/shopinthecity.it\/torino\/wp-json\/wp\/v2\/posts"}],"about":[{"href":"https:\/\/shopinthecity.it\/torino\/wp-json\/wp\/v2\/types\/post"}],"author":[{"embeddable":true,"href":"https:\/\/shopinthecity.it\/torino\/wp-json\/wp\/v2\/users\/7"}],"replies":[{"embeddable":true,"href":"https:\/\/shopinthecity.it\/torino\/wp-json\/wp\/v2\/comments?post=13685"}],"version-history":[{"count":0,"href":"https:\/\/shopinthecity.it\/torino\/wp-json\/wp\/v2\/posts\/13685\/revisions"}],"wp:featuredmedia":[{"embeddable":true,"href":"https:\/\/shopinthecity.it\/torino\/wp-json\/wp\/v2\/media\/13750"}],"wp:attachment":[{"href":"https:\/\/shopinthecity.it\/torino\/wp-json\/wp\/v2\/media?parent=13685"}],"wp:term":[{"taxonomy":"category","embeddable":true,"href":"https:\/\/shopinthecity.it\/torino\/wp-json\/wp\/v2\/categories?post=13685"},{"taxonomy":"post_tag","embeddable":true,"href":"https:\/\/shopinthecity.it\/torino\/wp-json\/wp\/v2\/tags?post=13685"}],"curies":[{"name":"wp","href":"https:\/\/api.w.org\/{rel}","templated":true}]}}