{"id":15055,"date":"2021-03-03T15:55:49","date_gmt":"2021-03-03T14:55:49","guid":{"rendered":"https:\/\/shopinthecity.it\/torino\/?p=15055"},"modified":"2021-03-03T15:55:54","modified_gmt":"2021-03-03T14:55:54","slug":"torino-claudio-marchisio-apre-skin-lab","status":"publish","type":"post","link":"https:\/\/shopinthecity.it\/torino\/torino-claudio-marchisio-apre-skin-lab\/","title":{"rendered":"Torino: Claudio Marchisio apre Skin Lab"},"content":{"rendered":"\n<p>Ha aperto a Torino <strong><a href=\"http:\/\/skin-lab.it\/\" class=\"rank-math-link\" target=\"_blank\" rel=\"noopener\">Skin Lab<\/a><\/strong>, il nuovo\u00a0<strong>centro medico polifunzionale<\/strong>\u00a0specializzato in\u00a0<strong>fototerapia<\/strong>\u00a0e trattamenti dermatologici all\u2019avanguardia. A portare avanti il progetto \u00e8 un nome piuttosto noto in citt\u00e0: il calciatore <strong>Claudio Marchisio<\/strong>,\u00a0che ha inaugurato l'attivit\u00e0 insieme ai soci <strong>Luca Boffa\u00a0<\/strong>e\u00a0<strong>Pietro Deideri<\/strong>.<\/p>\n\n\n\n<p>Ed \u00e8 proprio da un problema dell'ex bianconero che \u00e8 nata l'idea: Marchisio infatti ha sofferto e soffre di psoriasi, e ha tratto enorme beneficio dalla fototerapia.\u00a0Cos\u00ec, dopo la sua esperienza positiva, ha deciso di dar vita a Skin Lab e offrire un punto di riferimento ai tanti affetti da malattie e disturbi della pelle: sono pi\u00f9 di 3.000 le patologie conosciute e, stando alle ultime ricerche, si stima che affliggano circa il\u00a0<strong>25% degli italiani<\/strong>. Di queste, una delle pi\u00f9 diffuse \u00e8 proprio la\u00a0<strong>psoriasi<\/strong>, che colpisce\u00a0<strong>quasi 3 milioni di italiani<\/strong>.<\/p>\n\n\n\n<p>In particolare, il centro \u00e8 il primo a Torino a essere dotato di una\u00a0<strong>cabina Waldmann UV 5002<\/strong>, le cui caratteristiche tecnologiche l\u2019hanno resa il golden standard della categoria. Grazie alla particolare forma cilindrica, la cabina permette di irradiare il paziente da ogni lato, in modo omogeneo e sicuro, garantendo un\u2019efficacia terapeutica ottimale e minimizzando il pericolo di sovraesposizione.<\/p>\n\n\n\n<p>Basata su ricerche scientifiche che ne comprovano l\u2019efficacia, la\u00a0<strong>fototerapia<\/strong>\u00a0\u00e8 una metodica terapeutica che si fonda sull\u2019impiego di speciali apparecchiature in grado di riprodurre artificialmente i raggi UVA e UVB a banda stretta. Viene impiegata con successo in diverse strutture ospedaliere e molti dermatologi la raccomandano per curare anche le forme pi\u00f9 gravi di specifici disturbi.<\/p>\n\n\n\n<h2 class=\"wp-block-heading\">Informazioni<\/h2>\n\n\n\n<p><em>Skin Lab \u00e8 aperto al pubblico luned\u00ec, mercoled\u00ec e venerd\u00ec.<\/em><\/p>\n\n\n\n<p><em>Via Bernardino Galliari 27\/D, Torino<br>Tel: +39 011 1899 8227&nbsp;<\/em><\/p>\n\n\n\n<p><em>Email:&nbsp;<a>info@skin-lab.it<\/a><\/em><\/p>\n","protected":false},"excerpt":{"rendered":"<p>Ha aperto a Torino Skin Lab, il nuovo\u00a0centro medico polifunzionale\u00a0specializzato in\u00a0fototerapia\u00a0e trattamenti dermatologici all\u2019avanguardia. A portare avanti il progetto \u00e8 un nome piuttosto noto in citt\u00e0: il calciatore Claudio Marchisio,\u00a0che ha inaugurato l'attivit\u00e0 insieme ai soci Luca Boffa\u00a0e\u00a0Pietro Deideri. Ed \u00e8 proprio da un problema dell'ex bianconero che \u00e8 nata l'idea: Marchisio infatti ha sofferto [&hellip;]<\/p>\n","protected":false},"author":7,"featured_media":15056,"comment_status":"open","ping_status":"open","sticky":false,"template":"","format":"standard","meta":{"_acf_changed":false,"_monsterinsights_skip_tracking":false,"_monsterinsights_sitenote_active":false,"_monsterinsights_sitenote_note":"","_monsterinsights_sitenote_category":0,"footnotes":""},"categories":[296],"tags":[],"class_list":["post-15055","post","type-post","status-publish","format-standard","has-post-thumbnail","hentry","category-vetrina"],"acf":[],"_links":{"self":[{"href":"https:\/\/shopinthecity.it\/torino\/wp-json\/wp\/v2\/posts\/15055","targetHints":{"allow":["GET"]}}],"collection":[{"href":"https:\/\/shopinthecity.it\/torino\/wp-json\/wp\/v2\/posts"}],"about":[{"href":"https:\/\/shopinthecity.it\/torino\/wp-json\/wp\/v2\/types\/post"}],"author":[{"embeddable":true,"href":"https:\/\/shopinthecity.it\/torino\/wp-json\/wp\/v2\/users\/7"}],"replies":[{"embeddable":true,"href":"https:\/\/shopinthecity.it\/torino\/wp-json\/wp\/v2\/comments?post=15055"}],"version-history":[{"count":0,"href":"https:\/\/shopinthecity.it\/torino\/wp-json\/wp\/v2\/posts\/15055\/revisions"}],"wp:featuredmedia":[{"embeddable":true,"href":"https:\/\/shopinthecity.it\/torino\/wp-json\/wp\/v2\/media\/15056"}],"wp:attachment":[{"href":"https:\/\/shopinthecity.it\/torino\/wp-json\/wp\/v2\/media?parent=15055"}],"wp:term":[{"taxonomy":"category","embeddable":true,"href":"https:\/\/shopinthecity.it\/torino\/wp-json\/wp\/v2\/categories?post=15055"},{"taxonomy":"post_tag","embeddable":true,"href":"https:\/\/shopinthecity.it\/torino\/wp-json\/wp\/v2\/tags?post=15055"}],"curies":[{"name":"wp","href":"https:\/\/api.w.org\/{rel}","templated":true}]}}