{"id":15124,"date":"2021-03-05T16:49:36","date_gmt":"2021-03-05T15:49:36","guid":{"rendered":"https:\/\/shopinthecity.it\/torino\/?p=15124"},"modified":"2021-03-05T16:49:45","modified_gmt":"2021-03-05T15:49:45","slug":"festival-del-cinema-di-berlino-due-premiati-torinesi","status":"publish","type":"post","link":"https:\/\/shopinthecity.it\/torino\/festival-del-cinema-di-berlino-due-premiati-torinesi\/","title":{"rendered":"Festival del Cinema di Berlino: due premiati torinesi"},"content":{"rendered":"\n<p>Il\u00a0<strong>71<\/strong><sup><strong>o<\/strong><\/sup><strong>\u00a0Festival del Cinema di Berlino\u00a0<\/strong>si chiude con nuovi importanti risultati per il\u00a0<strong>TorinoFilmLab<\/strong>, laboratorio internazionale promosso dal\u00a0<strong>Museo Nazionale del Cinema<\/strong>. Due dei tre film supportati dal TFL in lizza per i premi della Berlinale 2021 hanno infatti ricevuto riconoscimenti:\u00a0<strong>D\u00e9nes Nagy<\/strong>\u00a0regista di\u00a0<em><strong>NATURAL LIGHT<\/strong><\/em>\u00a0\u00e8 stato premiato con l\u2019<strong>Orso Argento per il Miglior Regista<\/strong>; mentre\u00a0<em><strong>TASTE<\/strong><\/em>\u00a0di\u00a0L\u00ea B\u1ea3o\u00a0\u00e8 il vincitore del\u00a0<strong>Premio Speciale della Giuria della sezione Encounters<\/strong>.<\/p>\n\n\n\n<p>\u201c<em>Siamo veramente soddisfatti dei risultati del TorinoFilmLab, che inizia questo nuovo anno portando al Museo del Cinema altri successi. L\u2019appuntamento con Berlino \u00e8 tra i pi\u00f9 attesi di tutto il mondo cinematografico ed essere presenti \u00e8 fondamentale per la visibilit\u00e0 internazionale del Museo<\/em>\u201d dichiara Domenico De Gaetano, direttore del Museo del Cinema e gli fa seguito Mercedes Fernandez, direttrice del TorinoFilmLab\u00a0.<\/p>\n\n\n\n<p>Film d\u2019esordio del regista ungherese D\u00e9nes Nagy,<em>&nbsp;<\/em><em><strong>Natural Light<\/strong><\/em>&nbsp;\u00e8 stato sviluppato dal TFL grazie al programma per sceneggiature non originali&nbsp;<strong>'AdaptLab' nel 2016<\/strong>&nbsp;e ha proseguito nel 2017 con '<strong>FeatureLab<\/strong>', percorso destinato a progetti di film in stadio avanzato.&nbsp;<\/p>\n\n\n\n<p><strong>La giuria della Competizione principale<\/strong>\u00a0- composta da 6 registi premiati nelle precedenti edizioni della kermesse berlinese tra cui\u00a0Adina Pintilie, TFL Alumna che proprio nel 2018 ricevette l\u2019Orso d\u2019Oro \u2013 ha scelto\u00a0il regista\u00a0<strong>D\u00e9nes Nagy<\/strong>\u00a0<strong>con il suo\u00a0<\/strong><em><strong>Natural Light<\/strong><\/em><strong>\u00a0<\/strong>come vincitore dell\u2019<strong>Orso d\u2019Argento per il Miglior Regista<\/strong>\u00a0con la seguente motivazione:\u00a0\u201c<em>Il film \u00e8 girato in modo sconvolgente e meraviglioso, con immagini ipnotiche, una regia eccezionale e un controllo magistrale di ogni aspetto dell\u2019arte regista, una narrazione che trascende il suo contesto storico. Un ritratto di guerra in cui lo sguardo attento del regista ci ricorda ancora una volta della necessit\u00e0 di scegliere tra uno stato di passivit\u00e0 e l\u2019assunzione di responsabilit\u00e0 individuali<\/em>\u201d.<\/p>\n\n\n\n<p>Il regista D\u00e9nes Nagy raggiunge questo prestigioso traguardo dopo la partecipazione a Berlinale Talents nel 2012, mentre il cortometraggio di Nagy\u00a0<em>Soft Rain<\/em>\u00a0\u00e8 stato presentato l\u2019anno seguente a diversi festival internazionali, dopo il debutto a Cannes. I suoi documentari\u00a0<em>Another Hungar<\/em>y (2013) e\u00a0<em>Harm<\/em>\u00a0(2015), hanno esordito rispettivamente al Festival di Rotterdam e di Sarajevo.<\/p>\n\n\n\n<p><strong>La giuria della sezione competitiva ENCOUNTERS<\/strong>&nbsp;introdotta nel 2020 con l\u2019obiettivo di supportare le nuove voci del cinema contemporaneo e dare spazio a diverse forme narrative e del documentario ha assegnato il&nbsp;<strong>Premio Speciale della Giuria<\/strong>&nbsp;a&nbsp;<em><strong>TASTE<\/strong><\/em>&nbsp;di L\u00ea B\u1ea3o, con la seguente motivazione: \u201c<em>Il film \u00e8 una chiara, composta e coreografica astrazione delle relazioni sociali che utilizza senza paura elementi molto concreti - l\u2019architettura dei bassifondi, le regole del calcio, la cucina, il peso dei corpi umani - per costruire un terreno di tensioni, tanto stabile quanto nervoso, tra un tipo di emancipazione ascetica e la regressione distopica<\/em>\".<\/p>\n\n\n\n<p>Il film di debutto del regista vietnamita \u00e8 stato sviluppato nell\u2019ambito del programma annuale&nbsp;<strong>'FeatureLab 2017'<\/strong>&nbsp;al cui termine \u00e8 stato inoltre premiato con il&nbsp;<strong>'TFL Coproduction Award' di 50.000 \u20ac<\/strong>, assegnato dal TorinoFilmLab grazie al supporto del Sottoprogramma MEDIA di Europa Creativa.<\/p>\n\n\n\n<p>Il regista L\u00ea B\u1ea3o, classe 1990, ha sviluppato il suo interesse verso il cinema da bambino, sbirciando attraverso la piccola finestra sul fiume nei quartieri poveri di Ho Chi Minh. Ed \u00e8 in questo scenario che viene ambientato\u00a0<em>Taste<\/em>, dove un uomo nigeriano al termine della sua carriera calcistica si trasferisce in una casa con quattro donne vietnamite di mezza et\u00e0, tornando insieme ad uno stato di vita primordiale.\u00a0<br>\u201c<em>Il ritmo del film \u00e8 lento ma vitale, calmo e ipnotico<\/em>\u00a0\u2013 dichiara il regista B\u1ea3o \u2013\u00a0<em>la mia intenzione \u00e8 quella di condurre il pubblico all\u2019interno di uno stato meditativo sensoriale che gli permetta di godersi il film attraverso le proprie emozioni<\/em>\u201d.<\/p>\n\n\n\n<p>Questi riconoscimenti arrivano a\u00a0tre anni di distanza\u00a0dal pi\u00f9 importante\u00a0successo berlinese\u00a0del TorinoFilmLab, che nel 2018 segn\u00f2 l\u2019eccezionale doppietta con i film\u00a0<em>TOUCH ME NOT<\/em>\u00a0di Adina Pintilie e\u00a0<em>THE HEIRESSES<\/em>\u00a0di Marcelo Martinessi, vincitori rispettivamente dell\u2019Orso d\u2019Oro e dell\u2019Orso d\u2019Argento.<\/p>\n","protected":false},"excerpt":{"rendered":"<p>Il\u00a071o\u00a0Festival del Cinema di Berlino\u00a0si chiude con nuovi importanti risultati per il\u00a0TorinoFilmLab, laboratorio internazionale promosso dal\u00a0Museo Nazionale del Cinema. Due dei tre film supportati dal TFL in lizza per i premi della Berlinale 2021 hanno infatti ricevuto riconoscimenti:\u00a0D\u00e9nes Nagy\u00a0regista di\u00a0NATURAL LIGHT\u00a0\u00e8 stato premiato con l\u2019Orso Argento per il Miglior Regista; mentre\u00a0TASTE\u00a0di\u00a0L\u00ea B\u1ea3o\u00a0\u00e8 il vincitore del\u00a0Premio [&hellip;]<\/p>\n","protected":false},"author":7,"featured_media":15122,"comment_status":"open","ping_status":"open","sticky":false,"template":"","format":"standard","meta":{"_acf_changed":false,"_monsterinsights_skip_tracking":false,"_monsterinsights_sitenote_active":false,"_monsterinsights_sitenote_note":"","_monsterinsights_sitenote_category":0,"footnotes":""},"categories":[190],"tags":[],"class_list":["post-15124","post","type-post","status-publish","format-standard","has-post-thumbnail","hentry","category-eventi"],"acf":[],"_links":{"self":[{"href":"https:\/\/shopinthecity.it\/torino\/wp-json\/wp\/v2\/posts\/15124","targetHints":{"allow":["GET"]}}],"collection":[{"href":"https:\/\/shopinthecity.it\/torino\/wp-json\/wp\/v2\/posts"}],"about":[{"href":"https:\/\/shopinthecity.it\/torino\/wp-json\/wp\/v2\/types\/post"}],"author":[{"embeddable":true,"href":"https:\/\/shopinthecity.it\/torino\/wp-json\/wp\/v2\/users\/7"}],"replies":[{"embeddable":true,"href":"https:\/\/shopinthecity.it\/torino\/wp-json\/wp\/v2\/comments?post=15124"}],"version-history":[{"count":0,"href":"https:\/\/shopinthecity.it\/torino\/wp-json\/wp\/v2\/posts\/15124\/revisions"}],"wp:featuredmedia":[{"embeddable":true,"href":"https:\/\/shopinthecity.it\/torino\/wp-json\/wp\/v2\/media\/15122"}],"wp:attachment":[{"href":"https:\/\/shopinthecity.it\/torino\/wp-json\/wp\/v2\/media?parent=15124"}],"wp:term":[{"taxonomy":"category","embeddable":true,"href":"https:\/\/shopinthecity.it\/torino\/wp-json\/wp\/v2\/categories?post=15124"},{"taxonomy":"post_tag","embeddable":true,"href":"https:\/\/shopinthecity.it\/torino\/wp-json\/wp\/v2\/tags?post=15124"}],"curies":[{"name":"wp","href":"https:\/\/api.w.org\/{rel}","templated":true}]}}