{"id":15204,"date":"2021-03-09T15:00:39","date_gmt":"2021-03-09T14:00:39","guid":{"rendered":"https:\/\/shopinthecity.it\/torino\/?p=15204"},"modified":"2021-03-09T15:00:45","modified_gmt":"2021-03-09T14:00:45","slug":"glocal-film-festival-33-film-online-ecco-il-programma","status":"publish","type":"post","link":"https:\/\/shopinthecity.it\/torino\/glocal-film-festival-33-film-online-ecco-il-programma\/","title":{"rendered":"Glocal Film Festival: 33 film online, ecco il programma"},"content":{"rendered":"\n<p>Torna a Torino (in versione originale, come ormai pi\u00f9 o meno tutto, d'altronde) il <strong><a href=\"http:\/\/www.piemontemovie.com\" class=\"rank-math-link\" target=\"_blank\" rel=\"noopener\">Glocal Film Festival<\/a><\/strong>, la rassegna dedicata alla produzione cinamatografica legata alla vivace industria filmica regionale. <\/p>\n\n\n\n<p>Dall'11 al 15 marzo saranno presentate online su <a href=\"http:\/\/streeen.org\" class=\"rank-math-link\" target=\"_blank\" rel=\"noopener\">streeen.org<\/a> trentatr\u00e9 titoli per cinque giornate di cinema locale e globale, cos\u00ec come \u00e8 nello spirito della manifestazione da vent'anni a questa parte. Ogni pellicola sar\u00e0 accompagnata da<a href=\"https:\/\/www.facebook.com\/PiemonteMovieGlocalNetwork\" class=\"rank-math-link\" target=\"_blank\" rel=\"noopener\"> presentazioni sui social <\/a>con registi, interpreti e produttori, aprendosi a una platea diffusa su tutto il territorio italiano che il festival vuole conquistare approfittando dello spostamento online. <\/p>\n\n\n\n<p>Si inizia con una anteprima assoluta, in programma gioved\u00ec 11 marzo alle 21: il documentario\u00a0<em><strong>Manuale di storie dei cinema<\/strong><\/em>\u00a0di Stefano D\u2019Antuono e Bruno Ugioli, che racconta la storia del cinema sotto la Mole e getta lo sguardo al presente dell\u2019intero comparto avanzando ipotesi sulle prospettive future della sala cinematografica.\u00a0<\/p>\n\n\n\n<p>Per il resto, i cinque giorni di festival propongono\u00a0sei documentari del concorso\u00a0\"PANORAMICA DOC\"\u00a0e 16 film brevi dello storico contest per cortometraggi \"SPAZIO PIEMONTE\",\u00a0cui si aggiunge la speciale sezione fuori concorso dall\u2019evocativo nome\u00a0\"Lock &amp; Short\",\u00a0dedicata ai corti che restituiscono in immagini l\u2019emergenza pandemica e il confinamento tra le mura di casa.\u00a0<\/p>\n\n\n\n<p>L\u2019attenzione che il Glocal riserva alla produzione locale si traduce anche in collaborazioni con realt\u00e0 che similmente puntano i riflettori sulle specificit\u00e0 cinematografiche di altri territori e da questa edizione il discorso si allarga creando un focus su una Regione ospite, quest\u2019anno rappresentata dai\u00a0Paesi Baschi grazie a KIMUAK, ente che opera nella promozione del cortometraggio basco.<\/p>\n\n\n\n<p>Il 20\u00b0 Glocal Film Festival si compone anche di spazi in cui riflettere sui temi della realt\u00e0 quotidiana attraverso il cinema oppure in cui \u00e8 il settore cinematografico ad essere oggetto di discussione.&nbsp;<\/p>\n\n\n\n<p>Ne \u00e8 un esempio il focus\u00a0\"FROM LOCAL TO GLOBAL: LET\u2019S ACT \u2018GLOCAL\u2019 TOGETHER!\",<strong>\u00a0<\/strong>che propone 4 cortometraggi provenienti da altrettanti festival italiani con cui il Glocal \u00e8 gemellato - Corti in Cortile, Lago Film Fest,\u00a0Sedicicorto Forl\u00ec International Film Festival e\u00a0Skepto International Film Festival \u2013\u00a0per mostrare la variet\u00e0 e la qualit\u00e0 della produzione di film brevi nelle diverse regioni e a questi si aggiunge 1 film breve internazionale.<\/p>\n\n\n\n<h2 class=\"wp-block-heading\">Il programma<\/h2>\n\n\n\n<p><strong>GIOVED\u00cc 11 MARZO<\/strong><\/p>\n\n\n\n<p>ore 21.00 |&nbsp;<strong>Apertura&nbsp;<\/strong>- ANTEPRIMA ASSOLUTA<\/p>\n\n\n\n<p><em><strong>MANUALE DI STORIE DEI CINEMA<\/strong><\/em>\u00a0(Italia, 2020, 96\u2019) di Stefano D\u2019Antuono e Bruno Ugioli<\/p>\n\n\n\n<p><strong>VENERD\u00cc 12 MARZO<\/strong><\/p>\n\n\n\n<p>ore 18.00 |&nbsp;<strong>Spazio Piemonte 1<\/strong><\/p>\n\n\n\n<p><em><strong>TEMPI MORTI<\/strong><\/em>&nbsp;(Italia, 2020, 15\u2019) di Damiano Monaco, Lucio Lionello<\/p>\n\n\n\n<p><em><strong>GLI ATOMICI FOTONICI<\/strong><\/em>&nbsp;(Italia, 2020, 14\u2019) di Davide Morando<\/p>\n\n\n\n<p><em><strong>EN RANG PAR DEUX, incontro con Aliou e Alif<\/strong><\/em>&nbsp;(Italia, 2020, 7\u2019) di Elisabetta Bosco, Margherita&nbsp;<\/p>\n\n\n\n<p>\u2018<em><strong>L PRASCOND\u00d9 (Il prato nascosto)<\/strong><\/em>\u00a0(Italia, 2020, 22\u2019) di Loris Di Giovanni<\/p>\n\n\n\n<p>ore 20.00 |&nbsp;<strong>Panoramica Doc<\/strong><\/p>\n\n\n\n<p><em><strong>LIBRO DI GIONA<\/strong><\/em>\u00a0(Italia\/Bulgaria, 2020, 72\u2019) di Zlatolin Donchev<\/p>\n\n\n\n<p>Ore 22.00&nbsp;|&nbsp;<strong>Panoramica Doc<\/strong><\/p>\n\n\n\n<p><em><strong>LA MIA STORIA SI PERDE E SI CONFONDE<\/strong><\/em>\u00a0(Italia, 2020, 60\u2019) di Daniele Gaglianone e Imogen Kusch.\u00a0<\/p>\n\n\n\n<p><strong>SABATO 13 MARZO<\/strong><\/p>\n\n\n\n<p>ore 14.00 |&nbsp;<strong>From Local To Glocal. Let\u2019s Act \u2018Glocal\u2019 Togheter!<\/strong><\/p>\n\n\n\n<p><em><strong>LEYENDA DORADA<\/strong><\/em>&nbsp;(Spagna, 2019, 11\u2019) di Chema Garc\u00eda Ibarra, Ion de Sosa<\/p>\n\n\n\n<p><em><strong>BLEED<\/strong><\/em>&nbsp;(Italia, 2019, 5\u2019) di Igor Imhoff<\/p>\n\n\n\n<p><em><strong>DESTINO<\/strong><\/em>&nbsp;(Italia, 2019, 20\u2019) di Bonifacio Angius<\/p>\n\n\n\n<p><em><strong>GAS STATION<\/strong><\/em>&nbsp;(Italia, 2020, 10\u2019) di Olga Torrico<\/p>\n\n\n\n<p><em><strong>CHE ALTRI OCCHI TI GUARDINO<\/strong><\/em>&nbsp;(Italia, 2017, 17\u2019) di Antonella Barbera, Fabio Leone<\/p>\n\n\n\n<p>ore 15.00&nbsp;diretta Facebook su&nbsp;@PiemonteMovieGlocalNetwork |&nbsp;<strong>Panel&nbsp;<\/strong><strong>ORIZZONTE CORTI: UNO SGUARDO REGIONALE<\/strong><\/p>\n\n\n\n<p>Ospiti Txema Mu\u00f1oz (Kimuak \u2013 Paesi Baschi), Viviana Carlet (Lago Film Festival - Veneto), Davide Catalano (Corti in cortile - Sicilia), Joana Fresu de Azevedo (Sedicicorto&nbsp;Forl\u00ec International Film Festival \u2013 Emilia Romagna) e Mauro Montis (Skepto&nbsp;International Film Festival \u2013 Sardegna).<\/p>\n\n\n\n<p>ore 17.30 |&nbsp;<strong>Spazio Piemonte 2<\/strong><\/p>\n\n\n\n<p><em><strong>VERDIANA<\/strong><\/em>&nbsp;(Italia, 2020, 10\u2019) di Elena Beatrice, Daniele Lince<\/p>\n\n\n\n<p><em><strong>IL CAPOLAVORO<\/strong><\/em>&nbsp;(Italia, 2020, 11\u2019) di Stefano Moscone<\/p>\n\n\n\n<p><em><strong>SID\u00c8REA<\/strong><\/em>&nbsp;(Italia, 2020, 7\u2019) di Elisa Bonandin, Fiorella Cecchini, Isabel Matta, Carlotta Vacchetti<\/p>\n\n\n\n<p><em><strong>EPOREDIA<\/strong><\/em>\u00a0(Italia, 2020, 30\u2019) di Andrea Lazzari<\/p>\n\n\n\n<p>ore 19.00&nbsp;|&nbsp;<strong>Panoramica Doc<\/strong><\/p>\n\n\n\n<p><em><strong>UMBERTO B. \u2013 IL SENATUR<\/strong><\/em>&nbsp;(Italia, 2020, 83\u2019) di Francesco Amato<\/p>\n\n\n\n<p><\/p>\n\n\n\n<p>ore 21.00&nbsp;|&nbsp;<strong>Panoramica Doc<\/strong><\/p>\n\n\n\n<p><em><strong>DISCO RUIN<\/strong><\/em>&nbsp;(Italia, 2020, 110\u2019) di Lisa Bosi e Francesca Zerbetto<\/p>\n\n\n\n<p><\/p>\n\n\n\n<p><strong>DOMENICA 14 MARZO<\/strong><\/p>\n\n\n\n<p>ore 15.30 |&nbsp;<strong>Spazio Piemonte 3<\/strong><\/p>\n\n\n\n<p><em><strong>DANDELION<\/strong><\/em>&nbsp;(Italia, 2020, 4\u2019) di Valentina Ruffa<\/p>\n\n\n\n<p><em><strong>ENTROPIA<\/strong><\/em>&nbsp;(Italia, 2020, 12\u2019) di Pietro Formici, Andrea Risso<\/p>\n\n\n\n<p><em><strong>THE WEAPONS\u2019 REPUTATION - An investigation into the geopolitics of arms trade<\/strong><\/em>&nbsp;(Paesi Bassi, 2020, 17\u2019) di Cinzia Bongino&nbsp;<\/p>\n\n\n\n<p><em><strong>ZHENG<\/strong><\/em>\u00a0(Italia, 2020, 24\u2019) di Giacomo Sebastiani<\/p>\n\n\n\n<p>ore 17.30 |&nbsp;<strong>Spazio Piemonte 4&nbsp;<\/strong><\/p>\n\n\n\n<p><em><strong>ONDE<\/strong><\/em>&nbsp;(Italia, 2020, 17\u2019) di Federico Turani<\/p>\n\n\n\n<p><em><strong>CASA DI FAMIGLIA<\/strong><\/em>&nbsp;(Italia, 2020, 6\u2019) di Giulia Mello Ceresa, Francesca Sofia<\/p>\n\n\n\n<p><em><strong>STORIA DI EDINA ALTARA<\/strong><\/em>&nbsp;(Italia, 2020, 4\u2019) di Alessandra Atzori, Milena Tipaldo<\/p>\n\n\n\n<p><em><strong>VIDAS DE VIDRIO<\/strong><\/em>&nbsp;(Italia, 2020, 30\u2019) di Daniele Giacometti, Tommaso Valli<\/p>\n\n\n\n<p><\/p>\n\n\n\n<p>ore 19.00 |&nbsp;<strong>Panoramica Doc&nbsp;<\/strong><\/p>\n\n\n\n<p><em><strong>SLOW NEWS<\/strong><\/em>\u00a0(Italia, 2020, 92\u2019) di Alberto Puliafito<\/p>\n\n\n\n<p>ore 21.00 |&nbsp;<strong>Focus COORPI<\/strong><\/p>\n\n\n\n<p><em><strong>WASTEPLANET<\/strong><\/em>&nbsp;(Italia, 2020, 8\u2019) di Susanna della Sala<\/p>\n\n\n\n<p>a seguire |&nbsp;<strong>Panoramica Doc<\/strong><\/p>\n\n\n\n<p><em><strong>CUBAN DANCER<\/strong><\/em>&nbsp;(Italia\/Canada\/Cile, 2020, 94\u2019) di Roberto Solinas<\/p>\n\n\n\n<p><\/p>\n\n\n\n<p><strong>LUNED\u00cc 15 MARZO<\/strong><\/p>\n\n\n\n<p>ore 18.00 |&nbsp;<strong>Lock &amp; Short<\/strong><\/p>\n\n\n\n<p><em><strong>PASSEGGIATA A NORD OVEST. Quattro riaperture straordinarie<\/strong><\/em>&nbsp;(Italia, 2020, 9\u2019) di Matteo Bellizzi, Manuele Cecconello<\/p>\n\n\n\n<p><em><strong>IMPERFETTO PRESENTE (voci dal primo lockdown)<\/strong><\/em>&nbsp;(Italia, 2020, 23\u2019) di Maddalena Merlino, Claudio Paletto<\/p>\n\n\n\n<p><em><strong>A LETTO CON LA CENA<\/strong><\/em>&nbsp;(Italia, 2020, 11\u2019) di Silvia Pesce<\/p>\n\n\n\n<p>ore 19.00 diretta Facebook su @PiemonteMovieGlocalNetwork<\/p>\n\n\n\n<p><strong>Omaggio a&nbsp;<\/strong><strong>PAOLA BIZZARRI<\/strong>&nbsp;|&nbsp;<em><strong>Incontro con la scenografa e il regista Silvio Soldini,&nbsp;<\/strong><\/em><em><strong>c<\/strong><\/em><em><strong>onsegna Premio Riserva Carlo Alberto a PAOLA BIZZARRI&nbsp;<\/strong><\/em><\/p>\n\n\n\n<p>a seguire |&nbsp;<strong>CERIMONIA DI PREMIAZIONE 20\u00b0 GLOCAL FILM FESTIVAL<\/strong><\/p>\n","protected":false},"excerpt":{"rendered":"<p>Torna a Torino (in versione originale, come ormai pi\u00f9 o meno tutto, d'altronde) il Glocal Film Festival, la rassegna dedicata alla produzione cinamatografica legata alla vivace industria filmica regionale. Dall'11 al 15 marzo saranno presentate online su streeen.org trentatr\u00e9 titoli per cinque giornate di cinema locale e globale, cos\u00ec come \u00e8 nello spirito della manifestazione [&hellip;]<\/p>\n","protected":false},"author":7,"featured_media":15206,"comment_status":"open","ping_status":"open","sticky":false,"template":"","format":"standard","meta":{"_acf_changed":false,"_monsterinsights_skip_tracking":false,"_monsterinsights_sitenote_active":false,"_monsterinsights_sitenote_note":"","_monsterinsights_sitenote_category":0,"footnotes":""},"categories":[190],"tags":[],"class_list":["post-15204","post","type-post","status-publish","format-standard","has-post-thumbnail","hentry","category-eventi"],"acf":[],"_links":{"self":[{"href":"https:\/\/shopinthecity.it\/torino\/wp-json\/wp\/v2\/posts\/15204","targetHints":{"allow":["GET"]}}],"collection":[{"href":"https:\/\/shopinthecity.it\/torino\/wp-json\/wp\/v2\/posts"}],"about":[{"href":"https:\/\/shopinthecity.it\/torino\/wp-json\/wp\/v2\/types\/post"}],"author":[{"embeddable":true,"href":"https:\/\/shopinthecity.it\/torino\/wp-json\/wp\/v2\/users\/7"}],"replies":[{"embeddable":true,"href":"https:\/\/shopinthecity.it\/torino\/wp-json\/wp\/v2\/comments?post=15204"}],"version-history":[{"count":0,"href":"https:\/\/shopinthecity.it\/torino\/wp-json\/wp\/v2\/posts\/15204\/revisions"}],"wp:featuredmedia":[{"embeddable":true,"href":"https:\/\/shopinthecity.it\/torino\/wp-json\/wp\/v2\/media\/15206"}],"wp:attachment":[{"href":"https:\/\/shopinthecity.it\/torino\/wp-json\/wp\/v2\/media?parent=15204"}],"wp:term":[{"taxonomy":"category","embeddable":true,"href":"https:\/\/shopinthecity.it\/torino\/wp-json\/wp\/v2\/categories?post=15204"},{"taxonomy":"post_tag","embeddable":true,"href":"https:\/\/shopinthecity.it\/torino\/wp-json\/wp\/v2\/tags?post=15204"}],"curies":[{"name":"wp","href":"https:\/\/api.w.org\/{rel}","templated":true}]}}