{"id":15286,"date":"2021-03-15T19:20:27","date_gmt":"2021-03-15T18:20:27","guid":{"rendered":"https:\/\/shopinthecity.it\/torino\/?p=15286"},"modified":"2021-03-15T19:20:32","modified_gmt":"2021-03-15T18:20:32","slug":"museo-nazionale-del-risorgimento-le-novita-per-i-160-anni-dellunita-ditalia","status":"publish","type":"post","link":"https:\/\/shopinthecity.it\/torino\/museo-nazionale-del-risorgimento-le-novita-per-i-160-anni-dellunita-ditalia\/","title":{"rendered":"Museo Nazionale del Risorgimento: le novit\u00e0 per i 160 anni dell'Unit\u00e0 d'Italia"},"content":{"rendered":"\n<p>Quale luogo pi\u00f9 adeguato a celebrare il <strong>160\u00b0 anniversario dell\u2019Unit\u00e0 d\u2019Italia<\/strong> pi\u00f9 del <strong>Museo Nazionale del Risorgimento<\/strong> di Torino? Proprio qui, nell\u2019aula provvisoria costruita nel cortile di Palazzo Carignano, 160 anni fa venne proclamato il Regno d\u2019Italia. Una storia emozionante che il <a href=\"http:\/\/ww.museorisorgimentotorino.it\" class=\"rank-math-link\" target=\"_blank\" rel=\"noopener\">Museo Nazionale del Risorgimento<\/a> racconta tutti i giorni.<\/p>\n\n\n\n<p>Proprio in occasione di questa ricorrenza, dunque, il Museo presenta al pubblico il suo nuovo logo, che sar\u00e0 proiettato sulla Mole Antonelliana il 15 e il 16 marzo. <\/p>\n\n\n\n<figure class=\"wp-block-image size-large\"><img loading=\"lazy\" decoding=\"async\" width=\"600\" height=\"648\" src=\"https:\/\/shopinthecity.it\/torino\/wp-content\/uploads\/sites\/2\/2021\/03\/logo_risorgimento.jpg\" alt=\"\" class=\"wp-image-15287\" srcset=\"https:\/\/shopinthecity.it\/torino\/wp-content\/uploads\/sites\/2\/2021\/03\/logo_risorgimento.jpg 600w, https:\/\/shopinthecity.it\/torino\/wp-content\/uploads\/sites\/2\/2021\/03\/logo_risorgimento-278x300.jpg 278w\" sizes=\"auto, (max-width: 600px) 100vw, 600px\" \/><\/figure>\n\n\n\n<p>Per tutta la settimana, inoltre, la facciata ottocentesca di Palazzo Carignano sar\u00e0 illuminata con il tricolore della bandiera Italiana.<\/p>\n\n\n\n<p>In pi\u00f9, mercoled\u00ec 17 marzo 2021 alle ore 11 il Museo del Risorgimento promuover\u00e0 l'appuntamento \"Oggi \u00e8 gi\u00e0 Storia!\", in diretta streaming dalla Camera del Parlamento Italiano e la partecipazione del Ministro della Cultura Dario Franceschini. Un evento che vuole celebrare in particolare quell\u2019Italia e quei cittadini che oggi come centosessanta anni fa sanno spendere la propria vita per una giusta causa. Persone che con il loro impegno e la loro azione sostengono il nostro Paese: i volontari e quanti operano nel terzo settore. Un mondo con cui anche le istituzioni culturali devono dialogare per la costruzione di un vero Welfare Culturale.<\/p>\n","protected":false},"excerpt":{"rendered":"<p>Quale luogo pi\u00f9 adeguato a celebrare il 160\u00b0 anniversario dell\u2019Unit\u00e0 d\u2019Italia pi\u00f9 del Museo Nazionale del Risorgimento di Torino? Proprio qui, nell\u2019aula provvisoria costruita nel cortile di Palazzo Carignano, 160 anni fa venne proclamato il Regno d\u2019Italia. Una storia emozionante che il Museo Nazionale del Risorgimento racconta tutti i giorni. Proprio in occasione di questa [&hellip;]<\/p>\n","protected":false},"author":7,"featured_media":15288,"comment_status":"open","ping_status":"open","sticky":false,"template":"","format":"standard","meta":{"_acf_changed":false,"_monsterinsights_skip_tracking":false,"_monsterinsights_sitenote_active":false,"_monsterinsights_sitenote_note":"","_monsterinsights_sitenote_category":0,"footnotes":""},"categories":[190],"tags":[],"class_list":["post-15286","post","type-post","status-publish","format-standard","has-post-thumbnail","hentry","category-eventi"],"acf":[],"_links":{"self":[{"href":"https:\/\/shopinthecity.it\/torino\/wp-json\/wp\/v2\/posts\/15286","targetHints":{"allow":["GET"]}}],"collection":[{"href":"https:\/\/shopinthecity.it\/torino\/wp-json\/wp\/v2\/posts"}],"about":[{"href":"https:\/\/shopinthecity.it\/torino\/wp-json\/wp\/v2\/types\/post"}],"author":[{"embeddable":true,"href":"https:\/\/shopinthecity.it\/torino\/wp-json\/wp\/v2\/users\/7"}],"replies":[{"embeddable":true,"href":"https:\/\/shopinthecity.it\/torino\/wp-json\/wp\/v2\/comments?post=15286"}],"version-history":[{"count":0,"href":"https:\/\/shopinthecity.it\/torino\/wp-json\/wp\/v2\/posts\/15286\/revisions"}],"wp:featuredmedia":[{"embeddable":true,"href":"https:\/\/shopinthecity.it\/torino\/wp-json\/wp\/v2\/media\/15288"}],"wp:attachment":[{"href":"https:\/\/shopinthecity.it\/torino\/wp-json\/wp\/v2\/media?parent=15286"}],"wp:term":[{"taxonomy":"category","embeddable":true,"href":"https:\/\/shopinthecity.it\/torino\/wp-json\/wp\/v2\/categories?post=15286"},{"taxonomy":"post_tag","embeddable":true,"href":"https:\/\/shopinthecity.it\/torino\/wp-json\/wp\/v2\/tags?post=15286"}],"curies":[{"name":"wp","href":"https:\/\/api.w.org\/{rel}","templated":true}]}}