{"id":15847,"date":"2021-04-23T17:27:37","date_gmt":"2021-04-23T15:27:37","guid":{"rendered":"https:\/\/shopinthecity.it\/torino\/?p=15847"},"modified":"2021-04-23T17:27:42","modified_gmt":"2021-04-23T15:27:42","slug":"torino-torna-agriflor-in-piazza-vittorio-veneto","status":"publish","type":"post","link":"https:\/\/shopinthecity.it\/torino\/torino-torna-agriflor-in-piazza-vittorio-veneto\/","title":{"rendered":"Torino: torna Agriflor in piazza Vittorio Veneto"},"content":{"rendered":"\n<p>Torna domenica 25 aprile (dalle 9 alle 19) l'appuntamento mensile con il mercatino di Agriflor, in piazza Vittorio Veneto. <\/p>\n\n\n\n<p>Agriflor - fanno sapere gli organizzatori - sar\u00e0 organizzata come sempre in totale sicurezza, con il controllo delle temperature, ingressi scaglionati e contingentati e con la garanzia e il controllo del giusto distanziamento tra i banchi e tra le persone per evitare assembramenti. <\/p>\n\n\n\n<p>Il mercatino di Agriflor proporr\u00e0 anche domenica prossima prodotti&nbsp;<strong>florovivaistici e alimentari<\/strong>, che sono per definizione deperibili e stagionali: motivo per cui lo svolgimento di AgriFlor \u00e8 sempre stato concesso dal DPCM anche durante la zona rossa.<br>Un\u2019occasione molto importante per i florovivaisti e i piccoli produttori&nbsp;piemontesi di mettere in mostra le proprie variet\u00e0 ed eccellenze, in una situazione estremamente complessa per le loro attivit\u00e0, sempre pi\u00f9 in crisi in questo periodo.<\/p>\n\n\n\n<p>Grandi protagoniste di questa edizione di Aprile saranno\u00a0<strong>le rose e le peonie<\/strong>, fiori tra i pi\u00f9 amati dagli appassionati del verde. Ma saranno tante altre le\u00a0<strong>bellezze\u00a0\u201cfloreali\u201d,\u00a0<\/strong>provenienti esclusivamente dal Piemonte, che si potranno scoprire girando per i banchi di Agriflor: ortensie, azalee, camelie, arbusti, orchidee e ancora aceri e cactacee. Non mancheranno piante ornamentali ed erbacee perenni, bonsai e piccoli frutti, piante aromatiche.<\/p>\n","protected":false},"excerpt":{"rendered":"<p>Torna domenica 25 aprile (dalle 9 alle 19) l'appuntamento mensile con il mercatino di Agriflor, in piazza Vittorio Veneto. Agriflor - fanno sapere gli organizzatori - sar\u00e0 organizzata come sempre in totale sicurezza, con il controllo delle temperature, ingressi scaglionati e contingentati e con la garanzia e il controllo del giusto distanziamento tra i banchi [&hellip;]<\/p>\n","protected":false},"author":7,"featured_media":15848,"comment_status":"open","ping_status":"open","sticky":false,"template":"","format":"standard","meta":{"_acf_changed":false,"_monsterinsights_skip_tracking":false,"_monsterinsights_sitenote_active":false,"_monsterinsights_sitenote_note":"","_monsterinsights_sitenote_category":0,"footnotes":""},"categories":[190],"tags":[],"class_list":["post-15847","post","type-post","status-publish","format-standard","has-post-thumbnail","hentry","category-eventi"],"acf":[],"_links":{"self":[{"href":"https:\/\/shopinthecity.it\/torino\/wp-json\/wp\/v2\/posts\/15847","targetHints":{"allow":["GET"]}}],"collection":[{"href":"https:\/\/shopinthecity.it\/torino\/wp-json\/wp\/v2\/posts"}],"about":[{"href":"https:\/\/shopinthecity.it\/torino\/wp-json\/wp\/v2\/types\/post"}],"author":[{"embeddable":true,"href":"https:\/\/shopinthecity.it\/torino\/wp-json\/wp\/v2\/users\/7"}],"replies":[{"embeddable":true,"href":"https:\/\/shopinthecity.it\/torino\/wp-json\/wp\/v2\/comments?post=15847"}],"version-history":[{"count":0,"href":"https:\/\/shopinthecity.it\/torino\/wp-json\/wp\/v2\/posts\/15847\/revisions"}],"wp:featuredmedia":[{"embeddable":true,"href":"https:\/\/shopinthecity.it\/torino\/wp-json\/wp\/v2\/media\/15848"}],"wp:attachment":[{"href":"https:\/\/shopinthecity.it\/torino\/wp-json\/wp\/v2\/media?parent=15847"}],"wp:term":[{"taxonomy":"category","embeddable":true,"href":"https:\/\/shopinthecity.it\/torino\/wp-json\/wp\/v2\/categories?post=15847"},{"taxonomy":"post_tag","embeddable":true,"href":"https:\/\/shopinthecity.it\/torino\/wp-json\/wp\/v2\/tags?post=15847"}],"curies":[{"name":"wp","href":"https:\/\/api.w.org\/{rel}","templated":true}]}}