{"id":15906,"date":"2021-04-28T17:13:13","date_gmt":"2021-04-28T15:13:13","guid":{"rendered":"https:\/\/shopinthecity.it\/torino\/?p=15906"},"modified":"2021-04-28T17:13:19","modified_gmt":"2021-04-28T15:13:19","slug":"pinacoteca-agnelli-torino-mostra-su-le-corbusier","status":"publish","type":"post","link":"https:\/\/shopinthecity.it\/torino\/pinacoteca-agnelli-torino-mostra-su-le-corbusier\/","title":{"rendered":"Pinacoteca Agnelli Torino: mostra su Le Corbusier"},"content":{"rendered":"\n<p>La <strong><a href=\"https:\/\/www.pinacoteca-agnelli.it\/visit\/\" class=\"rank-math-link\" target=\"_blank\" rel=\"noopener\">Pinacoteca Agnelli di Torino<\/a><\/strong> riapre finalmente le porte al pubblico marted\u00ec 27 aprile con la <strong>mostra\u00a0\u201cLe Corbusier. Viaggi, oggetti e collezioni\u201d<\/strong>\u00a0dedicata\u00a0all\u2019architetto\u00a0franco-svizzero padre del Movimento Moderno.<\/p>\n\n\n\n<p>Per garantire la sicurezza del visitatore \u00e8 assicurato il rispetto delle norme vigenti e&nbsp;l\u2019accesso&nbsp;avviene tramite ingressi contingentati con prenotazione consigliata nei giorni feriali e obbligatoria nei giorni festivi tramite il sito web della Pinacoteca.<\/p>\n\n\n\n<p>L\u2019esposizione&nbsp;\u00e8 curata&nbsp;dall\u2019artista&nbsp;Cristian Chironi ed \u00e8 organizzata dalla Pinacoteca Agnelli in collaborazione con la Fondation le Corbusier di Parigi, che conserva gran parte dei documenti e degli oggetti appartenuti&nbsp;all\u2019architetto.&nbsp;FIAT \u00e8 main partner del progetto<\/p>\n\n\n\n<p>Il percorso espositivo si sviluppa lungo tutto il terzo piano della Pinacoteca e ripercorre la vita di Le Corbusier, incentrata sulla continua ricerca di idee e ispirazioni, raccontandola attraverso oggetti, disegni e fotografie.<\/p>\n\n\n\n<h2 class=\"wp-block-heading\">Gli oggetti in esposizione<\/h2>\n\n\n\n<p>Gli oggetti presenti in mostra sono stati riscoperti e valorizzati in seguito al restauro - curato dalla Fondation -&nbsp;dell\u2019appartamento&nbsp;parigino di Le Corbusier in Rue Nungesser et Coli. Si tratta di sassi, pezzi di legno, conchiglie, oggetti di metallo, vetri, materiali che egli raccoglieva considerandoli&nbsp;\u201cobjets&nbsp;\u00e0 r\u00e9action&nbsp;po\u00e9tique\u201d&nbsp;(oggetti a reazione poetica) capaci di innescare in lui il processo creativo. Ad esempio, il carapace di granchio che \u00e8 esposto in mostra, ha dato origine&nbsp;all\u2019idea&nbsp;del celebre tetto della Cattedrale di Ronchamp. Accanto a essi sar\u00e0 visibile l'archivio cartaceo delle fonti di ispirazione in cui venivano conservati, meticolosamente classificati per soggetto, ritagli di giornale, cartoline, biglietti del treno.<\/p>\n\n\n\n<p>La mostra comprende diverse fotografie e schizzi di automobili e mezzi di trasporto. Sappiamo che Le Corbusier era un grande appassionato di automobili. - spiegano Ginevra Elkann e Marcella Pralormo, rispettivamente presidente e direttrice della Pinacoteca; aveva raccolto molto materiale&nbsp;sull\u2019auto&nbsp;- proseguono- probabilmente perch\u00e9 gli era utile per realizzare uno dei suoi sogni pi\u00f9 grandi: disegnare&nbsp;un\u2019automobile.&nbsp;Era stata una sfida inseguita per molto tempo e con energia.<\/p>\n\n\n\n<p>Una sezione \u00e8 completamente dedicata ai viaggi di Le Corbusier, anch'essi raccontati attraverso biglietti, d\u00e9pliant turistici e cartoline di monumenti e paesaggi che&nbsp;l\u2019artista&nbsp;amava raccogliere e conservare accuratamente, in modo non molto diverso rispetto a quello con cui essi vengono oggi esposti al pubblico.<\/p>\n\n\n\n<p>Particolare attenzione \u00e8 data ai tre viaggi che Le Corbusier fece a Torino: nel 1902,&nbsp;all\u2019et\u00e0&nbsp;di sedici anni, in occasione&nbsp;dell\u2019esposizione&nbsp;Universale alla Promotrice delle Belle Arti dove il futuro architetto aveva esposto un orologio; nel 1934, quando venne ritratto a bordo di una Balilla sulla pista del Lingotto e&nbsp;l\u2019ultimo,&nbsp;nel 1961, quando fu invitato&nbsp;dall\u2019ICOM&nbsp;a tenere un discorso sul tema del museo ideale in occasione della conferenza annuale&nbsp;dell\u2019associazione&nbsp;durante le celebrazioni di Italia61.<\/p>\n\n\n\n<p>Centrale in questa mostra il ruolo dell\u2019artista-curatore Cristian Chironi; il quale non si \u00e8 limitato alla mise en forme della collezione nello spazio espositivo, ma creer\u00e0 attivit\u00e0 educative, raccontando il suo progetto My house is a Le Corbusier, programma di residenza itinerante e autogestito che prevede soggiorni nelle abitazioni di Le Corbusier in tutto il mondo.<\/p>\n\n\n\n<p>La mostra \u00e8 corredata da un catalogo edito da Corraini con il progetto grafico di Studio Radl.<\/p>\n\n\n\n<h2 class=\"wp-block-heading\">Informazioni<\/h2>\n\n\n\n<p>Da marted\u00ec a domenica <\/p>\n\n\n\n<p>Aperto dalle 10 alle 19 con orario continuato <\/p>\n\n\n\n<p>Ultimo ingresso alle 18:15 Chiuso il luned\u00ec <\/p>\n\n\n\n<p>La prenotazione \u00e8 fortemente consigliata per i giorni feriali mentre \u00e8 obbligatoria nei giorni festivi<\/p>\n\n\n\n<h2 class=\"wp-block-heading\">Biglietti<\/h2>\n\n\n\n<p>Collezione Agnelli e Mostra Temporanea <\/p>\n\n\n\n<p>Intero \u20ac 12 | Ridotto \u20ac 10 (gruppi, over65, convenzionati)<\/p>\n\n\n\n<p><\/p>\n","protected":false},"excerpt":{"rendered":"<p>La Pinacoteca Agnelli di Torino riapre finalmente le porte al pubblico marted\u00ec 27 aprile con la mostra\u00a0\u201cLe Corbusier. Viaggi, oggetti e collezioni\u201d\u00a0dedicata\u00a0all\u2019architetto\u00a0franco-svizzero padre del Movimento Moderno. Per garantire la sicurezza del visitatore \u00e8 assicurato il rispetto delle norme vigenti e&nbsp;l\u2019accesso&nbsp;avviene tramite ingressi contingentati con prenotazione consigliata nei giorni feriali e obbligatoria nei giorni festivi tramite [&hellip;]<\/p>\n","protected":false},"author":7,"featured_media":15907,"comment_status":"open","ping_status":"open","sticky":false,"template":"","format":"standard","meta":{"_acf_changed":false,"_monsterinsights_skip_tracking":false,"_monsterinsights_sitenote_active":false,"_monsterinsights_sitenote_note":"","_monsterinsights_sitenote_category":0,"footnotes":""},"categories":[190],"tags":[],"class_list":["post-15906","post","type-post","status-publish","format-standard","has-post-thumbnail","hentry","category-eventi"],"acf":[],"_links":{"self":[{"href":"https:\/\/shopinthecity.it\/torino\/wp-json\/wp\/v2\/posts\/15906","targetHints":{"allow":["GET"]}}],"collection":[{"href":"https:\/\/shopinthecity.it\/torino\/wp-json\/wp\/v2\/posts"}],"about":[{"href":"https:\/\/shopinthecity.it\/torino\/wp-json\/wp\/v2\/types\/post"}],"author":[{"embeddable":true,"href":"https:\/\/shopinthecity.it\/torino\/wp-json\/wp\/v2\/users\/7"}],"replies":[{"embeddable":true,"href":"https:\/\/shopinthecity.it\/torino\/wp-json\/wp\/v2\/comments?post=15906"}],"version-history":[{"count":0,"href":"https:\/\/shopinthecity.it\/torino\/wp-json\/wp\/v2\/posts\/15906\/revisions"}],"wp:featuredmedia":[{"embeddable":true,"href":"https:\/\/shopinthecity.it\/torino\/wp-json\/wp\/v2\/media\/15907"}],"wp:attachment":[{"href":"https:\/\/shopinthecity.it\/torino\/wp-json\/wp\/v2\/media?parent=15906"}],"wp:term":[{"taxonomy":"category","embeddable":true,"href":"https:\/\/shopinthecity.it\/torino\/wp-json\/wp\/v2\/categories?post=15906"},{"taxonomy":"post_tag","embeddable":true,"href":"https:\/\/shopinthecity.it\/torino\/wp-json\/wp\/v2\/tags?post=15906"}],"curies":[{"name":"wp","href":"https:\/\/api.w.org\/{rel}","templated":true}]}}