{"id":15933,"date":"2021-04-29T19:35:22","date_gmt":"2021-04-29T17:35:22","guid":{"rendered":"https:\/\/shopinthecity.it\/torino\/?p=15933"},"modified":"2021-04-29T19:35:26","modified_gmt":"2021-04-29T17:35:26","slug":"torino-jazz-festival-confermata-la-nona-edizione","status":"publish","type":"post","link":"https:\/\/shopinthecity.it\/torino\/torino-jazz-festival-confermata-la-nona-edizione\/","title":{"rendered":"Torino Jazz Festival: confermata la nona edizione"},"content":{"rendered":"\n<p>La&nbsp;<strong>nona edizione<\/strong>&nbsp;del&nbsp;<strong>Torino Jazz Festival<\/strong>, che coinvolger\u00e0 artisti nazionali e internazionali, si svolger\u00e0 come lo scorso anno con una doppia programmazione: la sezione&nbsp;<strong>Main Stage<\/strong><em><strong>&nbsp;<\/strong><\/em>a&nbsp;<strong>giugno<\/strong>, da&nbsp;<strong>venerd\u00ec 19 a domenica 27<\/strong>, quella<strong>&nbsp;Jazz Cl(H)ub<\/strong><em><strong>&nbsp;<\/strong><\/em>in autunno, da&nbsp;<strong>luned\u00ec 27 settembre a domenica 3 ottobre<\/strong>.<\/p>\n\n\n\n<p>Entrambe le sezioni saranno organizzate nel rispetto delle vigenti norme di sicurezza per pubblico, artisti e personale lavorativo.<\/p>\n\n\n\n<p>Nella prospettiva di un graduale ritorno alla normalit\u00e0, i&nbsp;<strong>direttori artistici Diego Borotti e Giorgio Li Calzi<\/strong>&nbsp;hanno lavorato&nbsp;a un cartellone di concerti con l\u2019intento di portare sul palco i musicisti previsti nel 2020,&nbsp;edizione alla quale&nbsp;non hanno potuto partecipare a causa della pandemia.<\/p>\n\n\n\n<p>\u201c<em>Il Torino Jazz Festival \u00e8 pronto per tornare sulla scena, dopo un lungo lavoro di preparazione per offrire al pubblico un programma di qualit\u00e0 da seguire nuovamente in presenza<\/em>&nbsp;-&nbsp;<strong>dichiara Francesca Leon, assessora alla Cultura della Citt\u00e0 di Torino -<\/strong>.&nbsp;<em>Recuperare il piacere di ascoltare insieme concerti che si preannunciano di grandissimo interesse \u00e8 stato l'obiettivo del lavoro di questi lunghi mesi di incertezza. Una proposta costruita con grande creativit\u00e0, determinazione e flessibilit\u00e0 da parte di Diego Borotti e Giorgio Li Calzi, come consuetudine di questi tempi. Proposta che, ne siamo certi, sapr\u00e0 sollecitare la curiosit\u00e0 di chi ama la musica<\/em>.&nbsp;<em>Dunque un augurio di buon TJF 2021 a tutte e tutti\u201d.<\/em><\/p>\n\n\n\n<p>A ospitare i concerti del&nbsp;<strong>TJF<\/strong><strong>&nbsp;Main Stage&nbsp;<\/strong>saranno le OGR - Officine Grandi Riparazioni, il Conservatorio Giuseppe Verdi e il Teatro Vittoria.<\/p>\n\n\n\n<p>Come tradizione il&nbsp;<strong>TJF Jazz&nbsp;<\/strong><strong>Cl(H)ub<\/strong><strong>&nbsp;<\/strong>si svolger\u00e0 nei club cittadini.<\/p>\n","protected":false},"excerpt":{"rendered":"<p>La&nbsp;nona edizione&nbsp;del&nbsp;Torino Jazz Festival, che coinvolger\u00e0 artisti nazionali e internazionali, si svolger\u00e0 come lo scorso anno con una doppia programmazione: la sezione&nbsp;Main Stage&nbsp;a&nbsp;giugno, da&nbsp;venerd\u00ec 19 a domenica 27, quella&nbsp;Jazz Cl(H)ub&nbsp;in autunno, da&nbsp;luned\u00ec 27 settembre a domenica 3 ottobre. Entrambe le sezioni saranno organizzate nel rispetto delle vigenti norme di sicurezza per pubblico, artisti e personale [&hellip;]<\/p>\n","protected":false},"author":7,"featured_media":15934,"comment_status":"open","ping_status":"open","sticky":false,"template":"","format":"standard","meta":{"_acf_changed":false,"_monsterinsights_skip_tracking":false,"_monsterinsights_sitenote_active":false,"_monsterinsights_sitenote_note":"","_monsterinsights_sitenote_category":0,"footnotes":""},"categories":[190],"tags":[],"class_list":["post-15933","post","type-post","status-publish","format-standard","has-post-thumbnail","hentry","category-eventi"],"acf":[],"_links":{"self":[{"href":"https:\/\/shopinthecity.it\/torino\/wp-json\/wp\/v2\/posts\/15933","targetHints":{"allow":["GET"]}}],"collection":[{"href":"https:\/\/shopinthecity.it\/torino\/wp-json\/wp\/v2\/posts"}],"about":[{"href":"https:\/\/shopinthecity.it\/torino\/wp-json\/wp\/v2\/types\/post"}],"author":[{"embeddable":true,"href":"https:\/\/shopinthecity.it\/torino\/wp-json\/wp\/v2\/users\/7"}],"replies":[{"embeddable":true,"href":"https:\/\/shopinthecity.it\/torino\/wp-json\/wp\/v2\/comments?post=15933"}],"version-history":[{"count":0,"href":"https:\/\/shopinthecity.it\/torino\/wp-json\/wp\/v2\/posts\/15933\/revisions"}],"wp:featuredmedia":[{"embeddable":true,"href":"https:\/\/shopinthecity.it\/torino\/wp-json\/wp\/v2\/media\/15934"}],"wp:attachment":[{"href":"https:\/\/shopinthecity.it\/torino\/wp-json\/wp\/v2\/media?parent=15933"}],"wp:term":[{"taxonomy":"category","embeddable":true,"href":"https:\/\/shopinthecity.it\/torino\/wp-json\/wp\/v2\/categories?post=15933"},{"taxonomy":"post_tag","embeddable":true,"href":"https:\/\/shopinthecity.it\/torino\/wp-json\/wp\/v2\/tags?post=15933"}],"curies":[{"name":"wp","href":"https:\/\/api.w.org\/{rel}","templated":true}]}}