{"id":16067,"date":"2021-05-12T00:11:36","date_gmt":"2021-05-11T22:11:36","guid":{"rendered":"https:\/\/shopinthecity.it\/torino\/?p=16067"},"modified":"2021-05-12T00:11:42","modified_gmt":"2021-05-11T22:11:42","slug":"palazzo-madama-torino-world-press-photo-exhibition-2021","status":"publish","type":"post","link":"https:\/\/shopinthecity.it\/torino\/palazzo-madama-torino-world-press-photo-exhibition-2021\/","title":{"rendered":"Palazzo Madama Torino: World Press Photo Exhibition 2021"},"content":{"rendered":"\n<p><br>L\u2019<strong>anteprima italiana\u00a0<\/strong>a\u00a0<strong>Palazzo Madama<\/strong>\u00a0della mostra\u00a0<em><strong><a href=\"http:\/\/www.worldpressphototorino.it\" class=\"rank-math-link\" target=\"_blank\" rel=\"noopener\">World Press Photo Exhibition 2021<\/a><\/strong>,\u00a0<\/em>il concorso di fotogiornalismo pi\u00f9 prestigioso del mondo,<em>\u00a0<\/em>espone,\u00a0<strong>dal 7 maggio al 22 agosto<\/strong>, oltre alle foto vincitrici, i\u00a0<strong>159<\/strong>\u00a0<strong>scatti<\/strong>\u00a0dei fotografi finalisti della\u00a0<strong>64\u00aa edizione<\/strong>.<\/p>\n\n\n\n<p>Ogni anno la mostra viene allestita in oltre&nbsp;<strong>120 citt\u00e0<\/strong>&nbsp;in&nbsp;<strong>50 Paesi&nbsp;<\/strong>con le sue otto sezioni:&nbsp;<em>Contemporary Issues<\/em>,&nbsp;<em>Environment<\/em>,&nbsp;<em>General News<\/em>,&nbsp;<em>Long-Term Projects<\/em>,&nbsp;<em>Nature<\/em>,&nbsp;<em>Portraits<\/em>,&nbsp;<em>Sports<\/em>,&nbsp;<em>Spot News<\/em>. Quest'anno 4.315 fotografi da 130 Paesi hanno presentato&nbsp;<strong>74.470 immagini<\/strong>: per la prima volta nella sua storia, la valutazione \u00e8 avvenuta online, con sette giurie specializzate presiedute da&nbsp;<strong>NayanTara Gurung Kakshapati<\/strong>&nbsp;e&nbsp;<strong>MuyiXiao<\/strong>,<strong>&nbsp;<\/strong>che hanno selezionato le migliori immagini e storie in ciascuna delle otto categorie del concorso.<\/p>\n\n\n\n<p>\u201c<em>Quest'anno\u00a0<strong>Cime<\/strong>\u00a0porta a Torino l'anteprima nazionale della World Press Photo Exhibition 2021 e lo fa, grazie alla partnership con la\u00a0<strong>Fondazione Torino Musei<\/strong>, in una delle cornici pi\u00f9 belle d'Europa: la sala del Senato di Palazzo Madama\"<\/em>, dichiara\u00a0<strong>Vito Cramarossa<\/strong>, presidente di Cime.<\/p>\n\n\n\n<figure class=\"wp-block-image size-large\"><img loading=\"lazy\" decoding=\"async\" width=\"1024\" height=\"768\" src=\"https:\/\/shopinthecity.it\/torino\/wp-content\/uploads\/sites\/2\/2021\/05\/IMG_20210506_094736-1024x768.jpg\" alt=\"\" class=\"wp-image-16069\" srcset=\"https:\/\/shopinthecity.it\/torino\/wp-content\/uploads\/sites\/2\/2021\/05\/IMG_20210506_094736-1024x768.jpg 1024w, https:\/\/shopinthecity.it\/torino\/wp-content\/uploads\/sites\/2\/2021\/05\/IMG_20210506_094736-300x225.jpg 300w, https:\/\/shopinthecity.it\/torino\/wp-content\/uploads\/sites\/2\/2021\/05\/IMG_20210506_094736-768x576.jpg 768w, https:\/\/shopinthecity.it\/torino\/wp-content\/uploads\/sites\/2\/2021\/05\/IMG_20210506_094736-1536x1152.jpg 1536w, https:\/\/shopinthecity.it\/torino\/wp-content\/uploads\/sites\/2\/2021\/05\/IMG_20210506_094736-2048x1536.jpg 2048w, https:\/\/shopinthecity.it\/torino\/wp-content\/uploads\/sites\/2\/2021\/05\/IMG_20210506_094736-scaled.jpg 2560w\" sizes=\"auto, (max-width: 1024px) 100vw, 1024px\" \/><\/figure>\n\n\n\n<p>Vincitore della\u00a0<em><strong>World Press Photo of the Year 2021<\/strong><\/em>\u00a0\u00e8 stato l\u2019abbraccio tra Rosa Luzia Lunardi, 85 anni, e l'infermiera Adriana Silva da Costa Souza, nella casa di cura Viva Bem, a San Paolo del Brasile. L\u2019immagine \u00e8 stata realizzata il 5 agosto 2020 dal fotografo danese\u00a0<strong>Mads Nissen<\/strong>: immortala la\u00a0<strong>\u201ctenda dell\u2019abbraccio\u201d<\/strong>. Come in molte altre parti del mondo, anche in Brasile \u2013 dove il presidente brasiliano, Jair Bolsonaro, aveva ignorato ogni avvertimento sulla gravit\u00e0 della pandemia e il pericolo rappresentato dal virus - le case di cura hanno chiuso le porte ai visitatori, impedendo a milioni di brasiliani di fare visita ai loro parenti anziani. Gli operatori delle case di cura hanno ricevuto l\u2019ordine di ridurre al minimo il contatto fisico con i pi\u00f9 vulnerabili. Al Viva Bem, una semplice invenzione, \u201cla tenda dell'abbraccio\u201d, ha permesso alle persone di abbracciarsi di nuovo. Il Brasile ha poi chiuso il 2020 con uno dei peggiori conteggi a livello mondiale: 7,7 milioni di casi riportati e 195.000 di morti, per il modo in cui \u00e8 stato affrontato il virus.<\/p>\n\n\n\n<figure class=\"wp-block-image size-large\"><img loading=\"lazy\" decoding=\"async\" width=\"768\" height=\"1024\" src=\"https:\/\/shopinthecity.it\/torino\/wp-content\/uploads\/sites\/2\/2021\/05\/1_Nissen_Politiken_Panos-Pictures-768x1024.jpg\" alt=\"\" class=\"wp-image-16070\" srcset=\"https:\/\/shopinthecity.it\/torino\/wp-content\/uploads\/sites\/2\/2021\/05\/1_Nissen_Politiken_Panos-Pictures-768x1024.jpg 768w, https:\/\/shopinthecity.it\/torino\/wp-content\/uploads\/sites\/2\/2021\/05\/1_Nissen_Politiken_Panos-Pictures-225x300.jpg 225w, https:\/\/shopinthecity.it\/torino\/wp-content\/uploads\/sites\/2\/2021\/05\/1_Nissen_Politiken_Panos-Pictures-1152x1536.jpg 1152w, https:\/\/shopinthecity.it\/torino\/wp-content\/uploads\/sites\/2\/2021\/05\/1_Nissen_Politiken_Panos-Pictures-1536x2048.jpg 1536w, https:\/\/shopinthecity.it\/torino\/wp-content\/uploads\/sites\/2\/2021\/05\/1_Nissen_Politiken_Panos-Pictures-scaled.jpg 1921w\" sizes=\"auto, (max-width: 768px) 100vw, 768px\" \/><figcaption>85-year-old Rosa Luzia Lunardi is embraced by nurse Adriana Silva da Costa Souza. The first hug she receives in five months.<\/figcaption><\/figure>\n\n\n\n<p>Protagonisti dell\u2019esposizione anche\u00a0<strong>tre italiani<\/strong>. Il secondo riconoscimento pi\u00f9 prestigioso del concorso, la\u00a0<em><strong>World Press Photo Story of the Year 2021<\/strong><\/em>, \u00e8 andato per la prima volta a un italiano,\u00a0<strong>Antonio Faccilongo<\/strong>, di Roma, con un servizio per\u00a0<em>Getty Reportage<\/em>\u00a0dal titolo\u00a0<em><strong>Habibi\u00a0<\/strong><\/em>(\u201camore mio\u201d). Circa 4.200 palestinesi sono detenuti nelle carceri israeliane, alcuni dei quali con condanne da 20 anni o pi\u00f9: se le visite coniugali sono negate e il contatto fisico \u00e8 vietato, fin dai primi anni 2000, i detenuti palestinesi, che desiderano avere figli, contrabbandano il loro sperma fuori dalla prigione, nascondendolo, per esempio, nei regali agli altri figli.\u00a0<em>Habibi<\/em>\u00a0racconta proprio il coraggio e la perseveranza di queste persone, sullo sfondo di uno dei conflitti pi\u00f9 lunghi e complicati della storia moderna.<\/p>\n\n\n\n<p>Primo premio, nella sezione&nbsp;<em>Stories - Spot News<\/em>, per&nbsp;<strong>Lorenzo Tugnoli<\/strong>, di Ravenna, dell\u2019agenzia&nbsp;<em>Contrasto<\/em>, che ha raccontato l'esplosione, causata da pi\u00f9 di 2.750 tonnellate di nitrato d\u2019ammonio ad alta densit\u00e0, che ha scosso Beirut, in Libano, il 4 agosto 2020: lo scoppio ha danneggiato o distrutto circa 6.000 edifici, uccidendo almeno 190 persone, ferendone altre 6.000 e lasciandone sfollate almeno 300.000.<\/p>\n\n\n\n<p><strong>Gabriele Galimberti<\/strong>, toscano, originario della Val di Chiana, con un reportage realizzato per\u00a0<em>National<\/em>\u00a0<em>Geographic<\/em>, ha vinto il primo premio in\u00a0<em>Stories - Portraits.<\/em>\u00a0Racconta per immagini un dato: secondo lo<em>\u00a0Small<\/em>\u00a0<em>Arms Survey<\/em>, la met\u00e0 di tutte le armi da fuoco possedute da privati cittadini nel mondo, per scopi non militari, si trova negli Stati Uniti. Il numero di armi da fuoco \u00e8 superiore alla popolazione del Paese: 393 milioni di armi contro i 328 milioni di persone.<\/p>\n\n\n\n<h2 class=\"wp-block-heading\">Orari e informazioni<\/h2>\n\n\n\n<p>Mercoled\u00ec, gioved\u00ec e venerd\u00ec dalle 13 alle 20<\/p>\n\n\n\n<p>Sabato e domenica dalle 10 alle 19&nbsp;INGRESSI GARANTITI CON PRENOTAZIONE O PREVENDITA ONLINE<\/p>\n\n\n\n<p>Prevendita:&nbsp;<a href=\"https:\/\/www.ticketone.it\/artist\/world-press-photo-exhibition\/\" target=\"_blank\" rel=\"noopener\">TicketOne<\/a><\/p>\n\n\n\n<p>Prenotazioni: Theatrum Sabaudiae via email&nbsp;<a>ftm@arteintorino.com<\/a>&nbsp;o al numero +39 011 5211788&nbsp;&nbsp;<a href=\"https:\/\/www.arteintorino.com\/visite-guidate-torino\/2-visite-guidate-torino\/154-world-press-photo.html\" target=\"_blank\" rel=\"noopener\">www.arteintorino.com<\/a><\/p>\n\n\n\n<p>La biglietteria chiude un\u2019ora prima.<\/p>\n\n\n\n<p>Chiuso il luned\u00ec e marted\u00ec&nbsp;<\/p>\n\n\n\n<p><strong>Biglietti<\/strong>: intero \u20ac 12, ridotto \u20ac 10, scuole \u20ac 4, gruppi \u20ac 10<\/p>\n\n\n\n<p>Possibilit\u00e0 di visite guidate a cura di&nbsp;<a href=\"https:\/\/www.arteintorino.com\/visite-guidate-torino\/2-visite-guidate-torino\/154-world-press-photo.html\" target=\"_blank\" rel=\"noopener\">Theatrum Sabaudiae<\/a><\/p>\n\n\n\n<p><strong>Info<\/strong>:\u00a0<a href=\"http:\/\/www.palazzomadamatorino.it\/\" target=\"_blank\" rel=\"noopener\">www.palazzomadamatorino.it<\/a>\u00a0-\u00a0<a class=\"rank-math-link\" href=\"http:\/\/www.worldpressphototorino.it\/\" target=\"_blank\" rel=\"noopener\">www.worldpressphototorino.it<\/a><\/p>\n","protected":false},"excerpt":{"rendered":"<p>L\u2019anteprima italiana\u00a0a\u00a0Palazzo Madama\u00a0della mostra\u00a0World Press Photo Exhibition 2021,\u00a0il concorso di fotogiornalismo pi\u00f9 prestigioso del mondo,\u00a0espone,\u00a0dal 7 maggio al 22 agosto, oltre alle foto vincitrici, i\u00a0159\u00a0scatti\u00a0dei fotografi finalisti della\u00a064\u00aa edizione. Ogni anno la mostra viene allestita in oltre&nbsp;120 citt\u00e0&nbsp;in&nbsp;50 Paesi&nbsp;con le sue otto sezioni:&nbsp;Contemporary Issues,&nbsp;Environment,&nbsp;General News,&nbsp;Long-Term Projects,&nbsp;Nature,&nbsp;Portraits,&nbsp;Sports,&nbsp;Spot News. Quest'anno 4.315 fotografi da 130 Paesi hanno presentato&nbsp;74.470 [&hellip;]<\/p>\n","protected":false},"author":7,"featured_media":16072,"comment_status":"open","ping_status":"open","sticky":false,"template":"","format":"standard","meta":{"_acf_changed":false,"_monsterinsights_skip_tracking":false,"_monsterinsights_sitenote_active":false,"_monsterinsights_sitenote_note":"","_monsterinsights_sitenote_category":0,"footnotes":""},"categories":[190],"tags":[],"class_list":["post-16067","post","type-post","status-publish","format-standard","has-post-thumbnail","hentry","category-eventi"],"acf":[],"_links":{"self":[{"href":"https:\/\/shopinthecity.it\/torino\/wp-json\/wp\/v2\/posts\/16067","targetHints":{"allow":["GET"]}}],"collection":[{"href":"https:\/\/shopinthecity.it\/torino\/wp-json\/wp\/v2\/posts"}],"about":[{"href":"https:\/\/shopinthecity.it\/torino\/wp-json\/wp\/v2\/types\/post"}],"author":[{"embeddable":true,"href":"https:\/\/shopinthecity.it\/torino\/wp-json\/wp\/v2\/users\/7"}],"replies":[{"embeddable":true,"href":"https:\/\/shopinthecity.it\/torino\/wp-json\/wp\/v2\/comments?post=16067"}],"version-history":[{"count":0,"href":"https:\/\/shopinthecity.it\/torino\/wp-json\/wp\/v2\/posts\/16067\/revisions"}],"wp:featuredmedia":[{"embeddable":true,"href":"https:\/\/shopinthecity.it\/torino\/wp-json\/wp\/v2\/media\/16072"}],"wp:attachment":[{"href":"https:\/\/shopinthecity.it\/torino\/wp-json\/wp\/v2\/media?parent=16067"}],"wp:term":[{"taxonomy":"category","embeddable":true,"href":"https:\/\/shopinthecity.it\/torino\/wp-json\/wp\/v2\/categories?post=16067"},{"taxonomy":"post_tag","embeddable":true,"href":"https:\/\/shopinthecity.it\/torino\/wp-json\/wp\/v2\/tags?post=16067"}],"curies":[{"name":"wp","href":"https:\/\/api.w.org\/{rel}","templated":true}]}}