{"id":16073,"date":"2021-05-12T00:38:27","date_gmt":"2021-05-11T22:38:27","guid":{"rendered":"https:\/\/shopinthecity.it\/torino\/?p=16073"},"modified":"2021-05-12T00:38:34","modified_gmt":"2021-05-11T22:38:34","slug":"space-festival-marco-berry-porta-a-torino-un-evento-spaziale","status":"publish","type":"post","link":"https:\/\/shopinthecity.it\/torino\/space-festival-marco-berry-porta-a-torino-un-evento-spaziale\/","title":{"rendered":"Space Festival: Marco Berry porta a Torino un evento spaziale"},"content":{"rendered":"\n<p>Sar\u00e0<strong> Marco Berry,<\/strong> conduttore, attore, autore, divulgatore e illusionista torinese, a portare a <strong>Torino lo \"<a href=\"http:\/\/www.spacefestival.it\" class=\"rank-math-link\" target=\"_blank\" rel=\"noopener\">Space Festival<\/a>\"<\/strong>, un evento davvero spaziale. Dal 30 settembre al 3 ottobre in citt\u00e0 ci saranno infatti laboratori, conferenze, proiezioni di film, presentazioni di libri, esposizioni di prototipi e aeromodelli, mostre fotografiche e molto altro per conoscere tutto sul mondo dello spazio, delle aziende che ne studiano i punti pi\u00f9 remoti e si attrezzano per raggiungerli.\u00a0<\/p>\n\n\n\n<figure class=\"wp-block-image size-large\"><img loading=\"lazy\" decoding=\"async\" width=\"1024\" height=\"600\" src=\"https:\/\/shopinthecity.it\/torino\/wp-content\/uploads\/sites\/2\/2021\/05\/Marco-Berry-1024x600.jpg\" alt=\"\" class=\"wp-image-16075\" srcset=\"https:\/\/shopinthecity.it\/torino\/wp-content\/uploads\/sites\/2\/2021\/05\/Marco-Berry-1024x600.jpg 1024w, https:\/\/shopinthecity.it\/torino\/wp-content\/uploads\/sites\/2\/2021\/05\/Marco-Berry-300x176.jpg 300w, https:\/\/shopinthecity.it\/torino\/wp-content\/uploads\/sites\/2\/2021\/05\/Marco-Berry-768x450.jpg 768w, https:\/\/shopinthecity.it\/torino\/wp-content\/uploads\/sites\/2\/2021\/05\/Marco-Berry.jpg 1229w\" sizes=\"auto, (max-width: 1024px) 100vw, 1024px\" \/><\/figure>\n\n\n\n<p>Un tema fortemente di attualit\u00e0, in un presente che guarda sempre di pi\u00f9 al futuro e in cui si sogna di viaggiare nello spazio. <\/p>\n\n\n\n<p>Lo \u201cSpace Festival\u00a0\u2013\u00a0Gioco, Scienza, Fantascienza\u201d\u00a0\u00e8 il primo evento del settore realizzato in Italia in chiave entertainment per divulgare al vasto pubblico tutta la storia, le curiosit\u00e0 e le notizie pi\u00f9 aggiornate di un mondo ancora poco conosciuto ma sempre pi\u00f9 vicino che affascina, stupisce e meraviglia.<\/p>\n\n\n\n<p>L\u2019evento \u00e8 articolato in quattro giorni e si svolger\u00e0 in diversi luoghi della citt\u00e0, sia all\u2019aperto, in strade,\u00a0piazze e parchi, sia in alcune location\u00a0\u2013\u00a0nel rispetto delle regole vigenti in tema di sicurezza per la salute pubblica - come teatri, cinema, scuole e universit\u00e0, edifici storici e aziende, che ospiteranno momenti di\u00a0incontro e approfondimento sulla storia dei viaggi dell\u2019uomo nello spazio e sulla tecnologia che ha\u00a0permesso tali conquiste tenuti da astronauti come\u00a0Maurizio Cheli\u00a0e\u00a0Franco Malerba, astrofisici come\u00a0Roberto Battiston, gi\u00e0 presidente dell'Agenzia Spaziale Italiana, scrittori ed esperti, proiezioni di video, film e documentari, laboratori per scoprire per esempio come si costruisce un aereo, show di artisti vari e giochi\u00a0con l\u2019ausilio della realt\u00e0 virtuale, droni, simulatori di volo e maschere 3D per l\u2019intrattenimento dei bambini\u00a0e delle loro famiglie, mostre fotografiche, presentazioni di libri ed esposizioni di prototipi, aeromodelli, moduli spaziali del passato, del presente e del futuro.<\/p>\n\n\n\n<p>\u201cLa mia passione per lo spazio nasce dalla curiosit\u00e0 e dalla meraviglia che rappresenta questa realt\u00e0 remota e con questo evento vorrei far condividere e provare al maggior numero di persone, dai pi\u00f9 piccoli agli appassionati, quello che provo io quando penso allo spazio, facendolo raccontare e descrivere con un linguaggio divulgativo direttamente dai protagonisti che ogni giorno lo vivono\", spiega <a href=\"https:\/\/www.marcoberryonlus.org\/onlus\/\" class=\"rank-math-link\" target=\"_blank\" rel=\"noopener\">Marco Berry.<\/a> <\/p>\n","protected":false},"excerpt":{"rendered":"<p>Sar\u00e0 Marco Berry, conduttore, attore, autore, divulgatore e illusionista torinese, a portare a Torino lo \"Space Festival\", un evento davvero spaziale. Dal 30 settembre al 3 ottobre in citt\u00e0 ci saranno infatti laboratori, conferenze, proiezioni di film, presentazioni di libri, esposizioni di prototipi e aeromodelli, mostre fotografiche e molto altro per conoscere tutto sul mondo [&hellip;]<\/p>\n","protected":false},"author":7,"featured_media":16074,"comment_status":"open","ping_status":"open","sticky":false,"template":"","format":"standard","meta":{"_acf_changed":false,"_monsterinsights_skip_tracking":false,"_monsterinsights_sitenote_active":false,"_monsterinsights_sitenote_note":"","_monsterinsights_sitenote_category":0,"footnotes":""},"categories":[190],"tags":[],"class_list":["post-16073","post","type-post","status-publish","format-standard","has-post-thumbnail","hentry","category-eventi"],"acf":[],"_links":{"self":[{"href":"https:\/\/shopinthecity.it\/torino\/wp-json\/wp\/v2\/posts\/16073","targetHints":{"allow":["GET"]}}],"collection":[{"href":"https:\/\/shopinthecity.it\/torino\/wp-json\/wp\/v2\/posts"}],"about":[{"href":"https:\/\/shopinthecity.it\/torino\/wp-json\/wp\/v2\/types\/post"}],"author":[{"embeddable":true,"href":"https:\/\/shopinthecity.it\/torino\/wp-json\/wp\/v2\/users\/7"}],"replies":[{"embeddable":true,"href":"https:\/\/shopinthecity.it\/torino\/wp-json\/wp\/v2\/comments?post=16073"}],"version-history":[{"count":0,"href":"https:\/\/shopinthecity.it\/torino\/wp-json\/wp\/v2\/posts\/16073\/revisions"}],"wp:featuredmedia":[{"embeddable":true,"href":"https:\/\/shopinthecity.it\/torino\/wp-json\/wp\/v2\/media\/16074"}],"wp:attachment":[{"href":"https:\/\/shopinthecity.it\/torino\/wp-json\/wp\/v2\/media?parent=16073"}],"wp:term":[{"taxonomy":"category","embeddable":true,"href":"https:\/\/shopinthecity.it\/torino\/wp-json\/wp\/v2\/categories?post=16073"},{"taxonomy":"post_tag","embeddable":true,"href":"https:\/\/shopinthecity.it\/torino\/wp-json\/wp\/v2\/tags?post=16073"}],"curies":[{"name":"wp","href":"https:\/\/api.w.org\/{rel}","templated":true}]}}