{"id":16162,"date":"2021-05-21T09:08:09","date_gmt":"2021-05-21T07:08:09","guid":{"rendered":"https:\/\/shopinthecity.it\/torino\/?p=16162"},"modified":"2021-05-21T09:10:27","modified_gmt":"2021-05-21T07:10:27","slug":"flower-festival-torna-la-musica-dal-vivo-a-collegno","status":"publish","type":"post","link":"https:\/\/shopinthecity.it\/torino\/flower-festival-torna-la-musica-dal-vivo-a-collegno\/","title":{"rendered":"Flower Festival: torna la musica dal vivo a Collegno"},"content":{"rendered":"\n<p>Era ora! Che bello annunciare che <strong>dal 5 al 23 Luglio<\/strong> ritorna il <strong>Flower Festival a Collegno<\/strong>, nel Cortile della Lavanderia a Vapore.<\/p>\n\n\n\n<p>A breve arriver\u00e0 il programma completo, ma intanto alcune date di uno dei festival estivi torinesi pi\u00f9 amati sono gi\u00e0 state confermate: <\/p>\n\n\n\n<p>l'8 luglio ci sar\u00e0 Willie Peyote, che il grande pubblico ha conosciuto in versione \"pop\" con la super canzone di Sanremo. Il 19 luglio sar\u00e0 il turno di Niccol\u00f2 Fabi, cantautore di grande dolcezza. Frah Quintale si esibisce il 9 luglio, subito prima degli Zen Circus (10 luglio). Il 12 luglio c'\u00e8 Giovanni Lindo Ferretti e il giorno successivo Stardust. Il 14 torna il cantautorato italiano con Max Gazz\u00e8 e il 15 un altro nome che abbiamo tutti imparato a conoscere meglio a Sanremo 2021, La Rappresentante di Lista. <\/p>\n\n\n\n<p>Il 17 luglio \u00e8 il turno della band torinese per eccellenza, i Subsonica, mentre il 22 arrivano i veri trionfatori di Sanremo, Colapesce e Dimartino. Il 23 ancora da Sanremo c'\u00e8 Ghemon (ma quanto \u00e8 cool la sua canzone portata all'Ariston?) e altri nomi pare siano in arrivo. Che ne dite, non \u00e8 una super estate quella che si prospetta? <\/p>\n","protected":false},"excerpt":{"rendered":"<p>Era ora! Che bello annunciare che dal 5 al 23 Luglio ritorna il Flower Festival a Collegno, nel Cortile della Lavanderia a Vapore. A breve arriver\u00e0 il programma completo, ma intanto alcune date di uno dei festival estivi torinesi pi\u00f9 amati sono gi\u00e0 state confermate: l'8 luglio ci sar\u00e0 Willie Peyote, che il grande pubblico [&hellip;]<\/p>\n","protected":false},"author":7,"featured_media":16163,"comment_status":"open","ping_status":"open","sticky":false,"template":"","format":"standard","meta":{"_acf_changed":false,"_monsterinsights_skip_tracking":false,"_monsterinsights_sitenote_active":false,"_monsterinsights_sitenote_note":"","_monsterinsights_sitenote_category":0,"footnotes":""},"categories":[190],"tags":[],"class_list":["post-16162","post","type-post","status-publish","format-standard","has-post-thumbnail","hentry","category-eventi"],"acf":[],"_links":{"self":[{"href":"https:\/\/shopinthecity.it\/torino\/wp-json\/wp\/v2\/posts\/16162","targetHints":{"allow":["GET"]}}],"collection":[{"href":"https:\/\/shopinthecity.it\/torino\/wp-json\/wp\/v2\/posts"}],"about":[{"href":"https:\/\/shopinthecity.it\/torino\/wp-json\/wp\/v2\/types\/post"}],"author":[{"embeddable":true,"href":"https:\/\/shopinthecity.it\/torino\/wp-json\/wp\/v2\/users\/7"}],"replies":[{"embeddable":true,"href":"https:\/\/shopinthecity.it\/torino\/wp-json\/wp\/v2\/comments?post=16162"}],"version-history":[{"count":0,"href":"https:\/\/shopinthecity.it\/torino\/wp-json\/wp\/v2\/posts\/16162\/revisions"}],"wp:featuredmedia":[{"embeddable":true,"href":"https:\/\/shopinthecity.it\/torino\/wp-json\/wp\/v2\/media\/16163"}],"wp:attachment":[{"href":"https:\/\/shopinthecity.it\/torino\/wp-json\/wp\/v2\/media?parent=16162"}],"wp:term":[{"taxonomy":"category","embeddable":true,"href":"https:\/\/shopinthecity.it\/torino\/wp-json\/wp\/v2\/categories?post=16162"},{"taxonomy":"post_tag","embeddable":true,"href":"https:\/\/shopinthecity.it\/torino\/wp-json\/wp\/v2\/tags?post=16162"}],"curies":[{"name":"wp","href":"https:\/\/api.w.org\/{rel}","templated":true}]}}