{"id":16188,"date":"2021-05-21T16:15:42","date_gmt":"2021-05-21T14:15:42","guid":{"rendered":"https:\/\/shopinthecity.it\/torino\/?p=16188"},"modified":"2021-05-21T16:15:48","modified_gmt":"2021-05-21T14:15:48","slug":"musei-reali-torino-le-iniziative-per-il-weekend","status":"publish","type":"post","link":"https:\/\/shopinthecity.it\/torino\/musei-reali-torino-le-iniziative-per-il-weekend\/","title":{"rendered":"Musei Reali Torino: le iniziative per il weekend"},"content":{"rendered":"\n<p>Nel mese di maggio, prosegue la ricca proposta di attivit\u00e0 ed eventi dei <strong>Musei Reali<\/strong> a <strong>Torino<\/strong>. Nel <strong>weekend <\/strong>sono molte le iniziative per riscoprire la meraviglia dei grandi ambienti aulici e dei Giardini.<\/p>\n\n\n\n<p>Come da decreto legge 18 maggio 2021 n. 65, art. 11, per i musei che nel 2019 non abbiano superato il milione di visitatori&nbsp;<strong>non \u00e8 pi\u00f9 obbligatorio prenotare l\u2019ingresso nel weekend<\/strong>: permane l\u2019obbligo di&nbsp;<strong>contingentamento degli ingressi e l\u2019uso dei dispositivi gi\u00e0 previsti<\/strong>&nbsp;(mascherine, igienizzazione mani). I Musei Reali possono accogliere fino ad un massimo di 100 persone ogni ora.<\/p>\n\n\n\n<h2 class=\"wp-block-heading\"><strong>Visite speciali<\/strong><\/h2>\n\n\n\n<p><strong>Venerd\u00ec 21 maggio<\/strong>&nbsp;alle&nbsp;<strong>ore 16.30<em>&nbsp;Dalla cucina alla tavola del re \u2013 visita guidata nella Lingua Italiana dei Segni<\/em><\/strong>.<\/p>\n\n\n\n<p>Una guida dei Musei Reali e una interprete della Lingua Italiana dei Segni condurranno i visitatori attraverso&nbsp;<strong>le cucine, gli ambienti di servizio e la sala da pranzo di Palazzo Reale<\/strong>, seguendo il percorso che i cibi compivano dall\u2019arrivo nelle dispense fino alla presentazione nei sontuosi banchetti di corte. Sar\u00e0 l\u2019occasione per scoprire come venivano preparati i pasti, leggere antiche ricette e men\u00f9 e conoscere le regole imposte dal cerimoniale.<\/p>\n\n\n\n<p>Attivit\u00e0 gratuita con prenotazione obbligatoria, rivolta alle persone con disabilit\u00e0 uditiva.<\/p>\n\n\n\n<p>Per informazioni e prenotazioni:&nbsp;<a rel=\"noreferrer noopener\" target=\"_blank\" href=\"mailto:mr-to.edu@beniculturali.it\">mr-to.edu@beniculturali.it<\/a><\/p>\n\n\n\n<p><strong>Sabato 22 maggio<\/strong>&nbsp;alle&nbsp;<strong>ore 16.30<\/strong>&nbsp;le guide di CoopCulture accompagneranno il pubblico nella visita&nbsp;<em><strong>Alla scoperta dell\u2019Armeria<\/strong><\/em>. Collocata all\u2019interno della suggestiva Galleria Beaumont, l\u2019Armeria Reale ospita una collezione ricchissima di fascino e storia, pi\u00f9 di 5.000 oggetti che spaziano dalla Preistoria all\u2019inizio del Novecento: armi bianche e da fuoco, corazze riccamente decorate, armature orientali.<\/p>\n\n\n\n<p>Biglietti online su&nbsp;<a rel=\"noreferrer noopener\" target=\"_blank\" href=\"https:\/\/spin-to.musvc2.net\/e\/t?q=4%3dSb7YU%26J%3d4%26E%3dPe7X%260%3dZ1WOh%26u%3d2v9a9ERp_Il1P_Tv_PQtk_Zf_Il1P_S1UwN.xMoGxSlKFPe.0E_PQtk_Zf%265%3d8SsMxZ.n6E%26Gs%3dRLa7V\">www.coopculture.it<\/a>&nbsp;- mail info.torino@coopculture.it<\/p>\n\n\n\n<h2 class=\"wp-block-heading\"><strong>Attivit\u00e0 ai Giardini Reali<\/strong><\/h2>\n\n\n\n<p><strong>Domenica 23 maggio<\/strong>&nbsp;alle&nbsp;<strong>ore 15<\/strong>&nbsp;nella splendida cornice storica dei Giardini, sar\u00e0 possibile prender parte al workshop artistico&nbsp;<em><strong>Natura Reale<\/strong><\/em>. I partecipanti potranno vivere un'esperienza unica a contatto con la natura grazie alla guida di giovani artisti. Disegno ed acquerello saranno gli strumenti per osservare e conoscere il paesaggio, per confrontarsi con le diverse tipologie di luce e di ombra e cogliere con immediatezza il carattere della scena naturale. In caso di maltempo la lezione si svolger\u00e0 in un'accogliente sala di Palazzo Reale.<\/p>\n\n\n\n<p>Il costo dell\u2019attivit\u00e0 \u00e8 di 10 \u20ac + 2 \u20ac per il biglietto di ingresso ai Musei Reali, mentre sar\u00e0 gratuito per gli under 18 e i possessori dell\u2019Abbonamento Musei. Biglietti online su&nbsp;<a rel=\"noreferrer noopener\" target=\"_blank\" href=\"https:\/\/spin-to.musvc2.net\/e\/t?q=3%3dIbBXK%26J%3d9%26D%3dFeBW%26z%3dZ6VEh%26z%3d1l9f85Ru_Hb1U_Sl_PVsa_Zk_Hb1U_RqU2M.nMtFnSqJ6Pj.95_PVsa_Zk%264%3dxSxLnZ.s55%26Gx%3dQBaBU\">www.coopculture.it<\/a>&nbsp;- mail&nbsp;<a rel=\"noreferrer noopener\" target=\"_blank\" href=\"mailto:info.torino@coopculture.it\">info.torino@coopculture.it<\/a><\/p>\n\n\n\n<h2 class=\"wp-block-heading\"><strong>Le mostre in corso<\/strong><\/h2>\n\n\n\n<p><strong>Fino al 30 maggio<\/strong>, nelle sale dedicate ai pittori caravaggeschi della&nbsp;<strong>Galleria Sabauda<\/strong>, i visitatori avranno modo di contemplare l\u2019emozionante dipinto di&nbsp;<strong>Caravaggio<\/strong>&nbsp;che raffigura il&nbsp;<em><strong>San Giovanni Battista<\/strong><\/em>, uno dei santi pi\u00f9 venerati dalle chiese cristiane, asceta spesso considerato come l\u2019ultimo dei Profeti. Esposto al pubblico per soli due giorni prima della chiusura forzata, l\u2019opera realizzata tra il 1604 e il 1606 proviene da Roma dalle Gallerie Nazionali di Arte Antica grazie a uno scambio promosso dalle direzioni dei due musei.<\/p>\n\n\n\n<p>Sempre in&nbsp;<strong>Galleria Sabauda fino al 30 maggio<\/strong>&nbsp;sar\u00e0 possibile ammirare la mostra&nbsp;<em><strong>Sulle tracce di Raffaello nelle collezioni sabaude<\/strong><\/em>, dedicata al protagonista assoluto, insieme a Leonardo e Michelangelo, del Rinascimento italiano. A 500 anni dalla sua morte, i Musei Reali hanno reso omaggio al grande maestro di Urbino con un\u2019esposizione che attraverso dipinti, incisioni e oggetti di arte decorativa illustra la diffusione dei modelli derivati dalla sua opera, dalla prima met\u00e0 del Cinquecento alla fine dell\u2019Ottocento, in Piemonte e nelle raccolte dei Savoia.<\/p>\n\n\n\n<p><strong>Nelle Sale Chiablese<\/strong>,&nbsp;<strong>fino al 30 maggio<\/strong>&nbsp;si potr\u00e0 visitare la mostra monografica&nbsp;<em><strong>Capa in color<\/strong><\/em>, dedicata al fotografo di fama mondiale Robert Capa e nata da un progetto di Cynthia Young, curatrice della collezione al Centro Internazionale di Fotografia di New York. L\u2019esposizione presenta per la prima volta in Italia oltre&nbsp;1<strong>50 immagini a colori, lettere personali e appunti dalle riviste<\/strong>&nbsp;su cui furono pubblicate per illustrare il particolare approccio dell\u2019autore verso i nuovi mezzi fotografici e la sua straordinaria capacit\u00e0 di integrare il colore nei lavori da fotoreporter, realizzati tra gli Anni \u201840 e \u201850 del Novecento.<\/p>\n\n\n\n<p>\u00c8 possibile acquistare i biglietti sul sito&nbsp;<a rel=\"noreferrer noopener\" target=\"_blank\" href=\"https:\/\/spin-to.musvc2.net\/e\/t?q=3%3dHZNXJ%26H%3dK%26D%3dEcNW%26y%3dXHVDf%26B%3d1k7r84P7_Hayg_Sk_NhsZ_Xw_Hayg_RpSDM.m771sJtEvK9.94_NhsZ_Xw%264%3dwQ0LmX.554%26E0%3dQAYNU\">www.capaincolor.it<\/a>&nbsp;(per informazioni e prenotazioni:&nbsp;<a rel=\"noreferrer noopener\" target=\"_blank\" href=\"mailto:info@capaincolor.it\">info@capaincolor.it<\/a>).<\/p>\n\n\n\n<h2 class=\"wp-block-heading\"><strong>La Biblioteca Reale<\/strong><\/h2>\n\n\n\n<p>La Biblioteca Reale estende l\u2019orario di visita ed&nbsp;<strong>\u00e8 aperta al pubblico dal luned\u00ec al venerd\u00ec dalle 9 alle 13 e dalle 14 alle 18, il sabato dalle 9 alle 13<\/strong>.&nbsp;Le consultazioni dovranno essere prenotate con almeno 24 ore di anticipo scrivendo all\u2019indirizzo&nbsp;<a rel=\"noreferrer noopener\" target=\"_blank\" href=\"mailto:mr-to.bibliotecareale@beniculturali.it\">mr-to.bibliotecareale@beniculturali.it<\/a>, indicando tutte le informazioni disponibili per la richiesta. Per conoscere le modalit\u00e0 di accesso e registrazione consultare la pagina&nbsp;<a rel=\"noreferrer noopener\" target=\"_blank\" href=\"https:\/\/spin-to.musvc2.net\/e\/t?q=8%3dKbPcM%26J%3dM%26I%3dHePb%262%3dZJaGh%26D%3dC7R9_Md1i_Xn_Pjxc_Zy_Md1i_WsUFR.zSB0vPx6yG.u01GvPyRDMnJ2.D7_Pjxc_Zy09C7O6_Pjxc_Zy7v05D2R6n9tx8n-Px6yC-ADnNxM7SA6_5ylu_ED%26w%3dH8QE8E.LxO%26vQ%3dJVFeN\">www.museireali.beniculturali.it\/events\/biblioteca-reale-riapertura\/<\/a>.<\/p>\n\n\n\n<h2 class=\"wp-block-heading\"><strong>Caff\u00e8 Reale<\/strong><\/h2>\n\n\n\n<p>Nella suggestiva Corte d\u2019Onore di Palazzo Reale\u00a0<strong>\u00e8 possibile rigenerarsi con una pausa al Caff\u00e8 Reale Torino<\/strong>, ospitato in una cornice unica ed elegante, impreziosita da suppellettili in porcellana e argento provenienti dalle collezioni sabaude. Informazioni e prenotazioni al numero 335 8140537 o via e-mail all\u2019indirizzo\u00a0<a rel=\"noreferrer noopener\" target=\"_blank\" href=\"mailto:segreteria@ilcatering.net\">segreteria@ilcatering.net<\/a>.<\/p>\n\n\n\n<p><\/p>\n","protected":false},"excerpt":{"rendered":"<p>Nel mese di maggio, prosegue la ricca proposta di attivit\u00e0 ed eventi dei Musei Reali a Torino. Nel weekend sono molte le iniziative per riscoprire la meraviglia dei grandi ambienti aulici e dei Giardini. Come da decreto legge 18 maggio 2021 n. 65, art. 11, per i musei che nel 2019 non abbiano superato il [&hellip;]<\/p>\n","protected":false},"author":7,"featured_media":16189,"comment_status":"open","ping_status":"open","sticky":false,"template":"","format":"standard","meta":{"_acf_changed":false,"_monsterinsights_skip_tracking":false,"_monsterinsights_sitenote_active":false,"_monsterinsights_sitenote_note":"","_monsterinsights_sitenote_category":0,"footnotes":""},"categories":[190],"tags":[],"class_list":["post-16188","post","type-post","status-publish","format-standard","has-post-thumbnail","hentry","category-eventi"],"acf":[],"_links":{"self":[{"href":"https:\/\/shopinthecity.it\/torino\/wp-json\/wp\/v2\/posts\/16188","targetHints":{"allow":["GET"]}}],"collection":[{"href":"https:\/\/shopinthecity.it\/torino\/wp-json\/wp\/v2\/posts"}],"about":[{"href":"https:\/\/shopinthecity.it\/torino\/wp-json\/wp\/v2\/types\/post"}],"author":[{"embeddable":true,"href":"https:\/\/shopinthecity.it\/torino\/wp-json\/wp\/v2\/users\/7"}],"replies":[{"embeddable":true,"href":"https:\/\/shopinthecity.it\/torino\/wp-json\/wp\/v2\/comments?post=16188"}],"version-history":[{"count":0,"href":"https:\/\/shopinthecity.it\/torino\/wp-json\/wp\/v2\/posts\/16188\/revisions"}],"wp:featuredmedia":[{"embeddable":true,"href":"https:\/\/shopinthecity.it\/torino\/wp-json\/wp\/v2\/media\/16189"}],"wp:attachment":[{"href":"https:\/\/shopinthecity.it\/torino\/wp-json\/wp\/v2\/media?parent=16188"}],"wp:term":[{"taxonomy":"category","embeddable":true,"href":"https:\/\/shopinthecity.it\/torino\/wp-json\/wp\/v2\/categories?post=16188"},{"taxonomy":"post_tag","embeddable":true,"href":"https:\/\/shopinthecity.it\/torino\/wp-json\/wp\/v2\/tags?post=16188"}],"curies":[{"name":"wp","href":"https:\/\/api.w.org\/{rel}","templated":true}]}}