{"id":16261,"date":"2021-05-31T17:45:04","date_gmt":"2021-05-31T15:45:04","guid":{"rendered":"https:\/\/shopinthecity.it\/torino\/?p=16261"},"modified":"2021-05-31T17:45:12","modified_gmt":"2021-05-31T15:45:12","slug":"torino-a-cielo-aperto-festival-destate-tutto-il-programma","status":"publish","type":"post","link":"https:\/\/shopinthecity.it\/torino\/torino-a-cielo-aperto-festival-destate-tutto-il-programma\/","title":{"rendered":"Torino a Cielo Aperto - Festival d'Estate: tutto il programma"},"content":{"rendered":"\n<p>Si chiama <strong><a href=\"https:\/\/www.torinoestate.it\/torinoacieloaperto\" class=\"rank-math-link\" target=\"_blank\" rel=\"noopener\">Torino a Cielo Aperto - Festival d'Estat<\/a>e<\/strong> ed \u00e8 il cartellone che raccoglie gli <a href=\"https:\/\/www.torinoestate.it\/torinoacieloaperto\" class=\"rank-math-link\" target=\"_blank\" rel=\"noopener\"><strong>appuntamenti estivi torinesi.<\/strong><\/a> Un ricco cartellone di eventi culturali estivi diffusi su tutto il territorio che, dopo il lungo lockdown dovuto all\u2019emergenza sanitaria, oltre a sostenere la ripresa delle attivit\u00e0, permetter\u00e0 ai cittadini di tornare a partecipare dal vivo alle numerose proposte culturali e di spettacolo in modo sicuro e all\u2019aperto.\u00a0<\/p>\n\n\n\n<p>Spettacoli di teatro, musica, cinema, laboratori per bambini e giovani, attivit\u00e0 di wellness e a contatto con la natura, talk e seminari animeranno cortili, parchi, giardini in zone differenti della citt\u00e0, un palinsesto diffuso e multiforme rivolto a tutte le fasce d\u2019et\u00e0 e che sapr\u00e0 incuriosire, coinvolgere e soddisfare interessi diversi. Eccoli tutti (ma proprio tutti!) <\/p>\n\n\n\n<h2 class=\"wp-block-heading\"><strong><a href=\"http:\/\/www.evergreenfest.it\" class=\"rank-math-link\" target=\"_blank\" rel=\"noopener\">EVERGREEN FEST 2021\u00a0<\/a><\/strong><\/h2>\n\n\n\n<p><strong>Parco della Tesoriera\u00a0<\/strong><\/p>\n\n\n\n<p><strong>4 giugno \/ 25 luglio<\/strong><\/p>\n\n\n\n<p>Giunta alla sua sesta edizione,&nbsp;<strong>Evergreen Fest<\/strong>&nbsp;\u00e8 una manifestazione della durata di 52 giorni che comprende concerti, spettacoli, laboratori, incontri, libri, buone pratiche, proiezioni di film, area ristoro e aula studio.&nbsp;<\/p>\n\n\n\n<p>Si inaugurer\u00e0 venerd\u00ec 4 giugno con una serata dal titolo \u2018<strong>Musica dal pianeta terra: viaggio itinerante tra le musiche di un mondo\u2019<\/strong>. Tra gli artisti ospitati:&nbsp;<strong>Levante, Daria Bignardi, Neri per caso, Vladimir Luxuria, Chadia Rodriguez, Tommy Kuti, Gian Luigi Carlone (Banda Osiris), Mara Redeghieri (ex \u00dcstmam\u00f2), Folco Orselli, Federico Sirianni, Orchestra Terra Madre, Orchestra Porta Palazzo ed Emilio Stella<\/strong>. Il Festival coinvolge persone di tutte le et\u00e0, con una programmazione che parte gi\u00e0 dal primo pomeriggio proponendo laboratori di&nbsp;<strong>musical<\/strong>,<strong>&nbsp;danza<\/strong>,<strong>&nbsp;acquerello<\/strong>,<strong>&nbsp;creativit\u00e0<\/strong>,<strong>&nbsp;riciclo<\/strong>,<strong>&nbsp;mindfulness<\/strong>,<strong>pilates<\/strong>,<strong>&nbsp;lettura negli Hula Hoop<\/strong>,<strong>&nbsp;argilla<\/strong>,<strong>&nbsp;visite storiche&nbsp;<\/strong>e<strong>&nbsp;naturalistiche<\/strong>. Gli eventi serali iniziano alle 21.30, sono gratuiti e si svolgono nel rispetto delle normative anti Covid.&nbsp;<\/p>\n\n\n\n<p><strong>Info e contatti:&nbsp;<\/strong><a><u><strong>prenotazioni@evergreenfest.it<\/strong><\/u><\/a><strong>&nbsp;\u2013<\/strong><strong>&nbsp;tel. 3348655865<\/strong><\/p>\n\n\n\n<h2 class=\"wp-block-heading\"><strong><a href=\"http:\/\/www.hiroshimamonamour.org\" class=\"rank-math-link\" target=\"_blank\" rel=\"noopener\">HIROSHIMA SOUND GARDEN 2021<\/a><\/strong><\/h2>\n\n\n\n<p><strong>Associazione Hiroshima Mon Amour<\/strong><\/p>\n\n\n\n<p><strong>15 giugno \/ 30 settembre<\/strong><\/p>\n\n\n\n<p><strong>Hiroshima Sound Garden<\/strong>, la rassegna estiva organizzata da Hiroshima Mon Amour, torna&nbsp;<strong>dal 15 giugno al 30 settembre<\/strong>&nbsp;aprendo nuovamente al pubblico lo spazio verde del suo giardino. Accanto a una programmazione artistica e culturale di qualit\u00e0, si aggiungono le&nbsp;<strong>attivit\u00e0 diurne per bambini e ragazzi<\/strong>: i pomeriggi dell\u2019Estate al villaggio<em>,<\/em>&nbsp;uno spazio di socialit\u00e0 e formazione rivolto a ragazzi tra i 6 e i 14 anni, promosso da LVIA e Acmos e sostenuto dalla Fondazione La Stampa - Specchio dei Tempi; l\u2019aula studio per studenti con la collaborazione della Biblioteca \u201cBonhoeffer\u201d del Sistema delle Biblioteche Civiche Torinesi; le lezioni di Yoga in giardino, nell\u2019intervallo di pranzo.&nbsp;<strong>In orario serale<\/strong>, invece, gli spettacoli dal vivo&nbsp;spazieranno dalla musica contemporanea, con un\u2019attenzione particolare alla creativit\u00e0 giovanile, al teatro di parola e di impegno civile; dallo storytelling di divulgazione scientifica e filosofica alla presentazioni di libri; dagli incontri alle proiezioni&nbsp;cinematografiche anche a tema musicale. Un calendario con oltre 35 eventi, impreziosito dalla collaborazione con alcune realt\u00e0 culturali torinesi (tra cui Seeyousound, Torino Fringe Festival, Rete italiana di cultura popolare, Goethe Institut Turin, Associazione Culturale Arte Y Flamenco, e un\u2019inedita collaborazione con sPAZIO211 e&nbsp;Off Topic).&nbsp;Hiroshima Sound Garden \u00e8 all\u2019aperto, in un\u2019area verde polifunzionale e con un\u2019arena spettacoli accessibile e attrezzata secondo le normative anti-covid19&nbsp;che garantiscono la sicurezza per spettatori, artisti e organizzatori e&nbsp;nel segno della sostenibilit\u00e0 ambientale.<\/p>\n\n\n\n<p><strong>Info e contatti: tel. 0113174997<\/strong><\/p>\n\n\n\n<h2 class=\"wp-block-heading\"><strong><a href=\"http:\/\/www.casadelquartiere.it\" class=\"rank-math-link\" target=\"_blank\" rel=\"noopener\">E... STATE IN CASA!<\/a><\/strong><\/h2>\n\n\n\n<p><strong>Agenzia di Sviluppo Locale San Salvario<\/strong> (Aiuola Ginzburg e cortile della Casa del Quartiere, via Morgari 14)<\/p>\n\n\n\n<p><strong>1 giugno \/ 25 settembre<\/strong><\/p>\n\n\n\n<p><strong>E... STATE IN CASA!<\/strong>&nbsp;\u00e8 il festival estivo della Casa del Quartiere di San Salvario. La Casa \u00e8uno spazio rivolto a tutte le cittadine e i cittadini, aperto e multiculturale, luogo di incrocio, di incontro e di scambio di attivit\u00e0, persone ed esperienze. \u00c8 realizzato insieme a CineTeatro Baretti, Edisu Piemonte, Gipo di Napoli - Nido di Ragno, Filarmonica TRT, Film Commission Torino, Aiace Torino, Sottodiciotto Film Festival, Ass. Cult. Cinema Italiano, TILT.&nbsp;<\/p>\n\n\n\n<p>In collaborazione con le librerie Trebisonda e&nbsp;<a href=\"http:\/\/www.lunastorta.eu\/\" target=\"_blank\" rel=\"noopener\">Luna's Torta<\/a>, e associazioni e gruppi attivi alla Casa del Quartiere.&nbsp;<strong>Novanta appuntamenti<\/strong>, dall\u2019<strong>1 giugno al 25 settembre<\/strong>, per tutti i gusti e le et\u00e0. Nel cortile della Casa e negli spazi dell\u2019aiuola Ginzburg si potr\u00e0 mangiare, studiare, ascoltare musica, incontrarsi e imparare cose nuove.&nbsp;<\/p>\n\n\n\n<p>E... STATE IN CASA! \u00e8 strutturata in quattro rassegne:<\/p>\n\n\n\n<p><strong>- PORTOFRANCO SUMMER NIGHT<\/strong>&nbsp;- cinema italiano in silent movie;<\/p>\n\n\n\n<p><strong>- RICORDATI DI ME<\/strong>&nbsp;- teatro sul tema della memoria;<\/p>\n\n\n\n<p><strong>- NOTE DI CASA<\/strong>&nbsp;- concerti di artisti di fama nazionale, di musica classica, Djset, performance di giovani musicisti;<\/p>\n\n\n\n<p><strong>- INCONTRIAMOCI A CASA<\/strong>&nbsp;\u2013 cultura, scienza e arte per tutti: spettacoli teatrali per famiglie e bambine\/i, Art Brunch, reading e presentazione di libri, incontri e laboratori sulla scienza, sul riuso e sull\u2019ambiente, attivit\u00e0 interculturali.&nbsp;<\/p>\n\n\n\n<p><strong>Info e contatti: tel. 0116686772<\/strong><\/p>\n\n\n\n<h2 class=\"wp-block-heading\"><strong>BARRIERA A CIELO APERTO<\/strong><\/h2>\n\n\n\n<p><strong>6 giugno \/ 26 settembre<\/strong><\/p>\n\n\n\n<p>Un'ampia proposta socio-culturale - frutto della condivisione progettuale di 7 realt\u00e0 partner - tra cinema, musica, letteratura, sostenibilit\u00e0 ambientale, workshop, performance, talk e concerti in radio con palco su strada, accessibile a tutta la cittadinanza e a tutte le generazioni, tra giugno e settembre, animer\u00e0 quattro diversi spazi di Barriera di Milano. Le attivit\u00e0 messe in campo saranno proiezioni di film acclamati, concerti musicali di vari generi dal vivo, serate di approfondimento e divulgazione su problematiche globali e tutela ambientale, formazioni sui temi dell\u2019autoproduzione e auto-organizzazione di comunit\u00e0, performance teatrali site-specific, sessioni di ascolto, esposizioni temporanee, talk e concerti in radio con palco su strada. Il cartellone del cinema prevede 7 cicli tematici protagonisti per ogni settimana di programmazione. Via Baltea ospiter\u00e0 la ricca programmazione Radio Street Community di Banda Larga con palco su strada e coinvolgimento attivo degli abitanti del quartiere. I Bagni di via Agli\u00e8 proporranno una rassegna jazz nel cortile della Casa del Quartiere e aperitivi dedicati al cinema e alla letteratura, mentre i luned\u00ec dell\u2019orto urbano del Boschetto alterneranno serate di formazione ad altre di divulgazione sui temi della sostenibilit\u00e0.<\/p>\n\n\n\n<p><strong>Info e contatti: tel. 0115533938<\/strong><\/p>\n\n\n\n<h2 class=\"wp-block-heading\"><strong><a href=\"http:\/\/www.ginzburgfestival.it\/\" class=\"rank-math-link\" target=\"_blank\" rel=\"noopener\">GINZBURG PARK FESTIVAL\u00a0<\/a><\/strong><\/h2>\n\n\n\n<p><strong><a href=\"https:\/\/www.cap10100.com\" class=\"rank-math-link\" target=\"_blank\" rel=\"noopener\">Associazione Teatro Orfeo CAP10100<\/a><\/strong><\/p>\n\n\n\n<p><strong>1 giugno \/ 2<\/strong><strong>9<\/strong><strong>&nbsp;settembre<\/strong><\/p>\n\n\n\n<p>Quaranta giorni non stop di spettacoli dal vivo all'interno di un'area verde che per l'occasione verr\u00e0 riqualificata riportando lo spazio dei giardini al centro di una ricca proposta culturale e aggregativa, seguendo la spina dorsale che regge l'associazione Orfeo: la sostenibilit\u00e0. Una programmazione coordinata in collaborazione con la rete dei cogestori del nuovo centro culturale CAP10100. Il programma sar\u00e0 localizzato e diversificato in 3 aree distinte: cortile, spazio teatrale e Giardini Ginzburg. Saranno divisi in: socialit\u00e0, aggregazione, eventi di diffusione della conoscenza e costruzione del pensiero critico ed eventi di pubblico spettacolo. La parte legata a socialit\u00e0 e aggregazione verr\u00e0 realizzata all\u2019interno del CAP10100 e precisamente nel foyer e nel cortile antistante la struttura, dando spazio al progetto \u2018Studiolo\u2019: un\u2019aula studio innovativa con colazioni, pranzi, aperitivi sociali e di diffusione culturale. Nello stesso periodo, all\u2019interno del foyer vetrato e nel cortile, verranno realizzati eventi con l\u2019obiettivo di \u2018diffusione della conoscenza e costruzione del pensiero critico\u2019 attraverso dibattiti e incontri. Dal 22 giugno al 31 luglio largo spazio a musica, danza e teatro nei giardini Ginzburg, quasi in uno spin off del CAP10100 la prima edizione del Ginzburg Park Festival.&nbsp;<\/p>\n\n\n\n<p><strong>Info e contatti:&nbsp;<\/strong><strong>@CAP10100.COM | info@ginzburgfestival.it<\/strong><\/p>\n\n\n\n<h2 class=\"wp-block-heading\"><strong>ESTATE IN CIRCOLO 2021<\/strong><\/h2>\n\n\n\n<p><a href=\"http:\/\/www.larteficio.com\" class=\"rank-math-link\" target=\"_blank\" rel=\"noopener\"><strong>Centro Culturale l\u2019ARTeficIO<\/strong>, Giardino di via Carlo Ignazio Giulio 14a<\/a><\/p>\n\n\n\n<p><strong>9 giugno \/ 19 settembre<\/strong><\/p>\n\n\n\n<p>Torna per il secondo anno&nbsp;<strong>ESTATE IN CIRCOLO<\/strong>, la rassegna voluta e organizzata dal&nbsp;<strong>Centro Culturale L\u2019ARTeficIO<\/strong>&nbsp;con la preziosa collaborazione di associazioni e organizzazioni del territorio interne al network&nbsp;<strong>ARCI Torino<\/strong>.<\/p>\n\n\n\n<p>In uno spazio nuovo e storico allo stesso tempo, sar\u00e0 possibile assistere alle partite del&nbsp;<strong>Campionato Europeo di Calcio<\/strong>, vivere l\u2019esperienza del grande&nbsp;<strong>cinema<\/strong>&nbsp;con un programma che conta&nbsp;<strong>oltre 40 film<\/strong>, assistere a concerti di&nbsp;<strong>musica rock, pop, blues, jazz<\/strong>&nbsp;e a&nbsp;<strong>pi\u00e8ce teatrali.&nbsp;<\/strong>Soprattutto sar\u00e0 uno spazio dove riappropriarsi in sicurezza di una socialit\u00e0 a lungo negata, semplicemente bevendo un drink e mangiando qualcosa in famiglia o con gli amici.&nbsp;<strong>Tutti i giorni dalle 16 alle 19 sar\u00e0 aperta un\u2019area bimbi attrezzata<\/strong>&nbsp;e, una volta alla settimana, le&nbsp;<strong>Biblioteche Civiche Torinesi<\/strong>&nbsp;avranno una postazione attiva con un servizio di \u2018invito alla lettura\u2019. Anche i pi\u00f9 grandi potranno vivere lo spazio con il progetto di&nbsp;<strong>Campus Diffuso.<\/strong>&nbsp;Ed \u00e8 in questa area che verranno ospitati tre open day di associazioni culturali e coreutiche. EiC offre la possibilit\u00e0 di tornare a vivere l\u2019emozione del<strong>&nbsp;cinema&nbsp;<\/strong>come esperienza condivisa con un\u2019ampia la rassegna curata dal&nbsp;<strong>Circolo ARCI Sud.&nbsp;<\/strong>La&nbsp;<strong>musica<\/strong>&nbsp;sar\u00e0 co-protagonista del programma con un ampio spettro di generi musicali raccontati da artisti piemontesi e non solo. A completare la proposta il parco dell\u2019EiC sar\u00e0 la sede del&nbsp;<strong>Cadrega Fest.&nbsp;<\/strong>Il&nbsp;<strong>teatro&nbsp;<\/strong>del&nbsp;<strong>Torino FRINGE Festival<\/strong>&nbsp;sar\u00e0 presente con&nbsp;<strong>8 giornate<\/strong>&nbsp;di rappresentazioni&nbsp;<strong>dal 2 al 12 settembre<\/strong>. Oltre all\u2019intrattenimento L\u2019ARTeficIO porta la creativit\u00e0 legata alla materia. Per otto fine settimana sar\u00e0 possibile curiosare e imparare i segreti degli artigiani legati al progetto \u2018<strong>HandMad<\/strong>:&nbsp;<strong>20 Operatori del Proprio Ingegno\u2019.<\/strong><\/p>\n\n\n\n<p><strong>Info e contatti:&nbsp;<\/strong><a><u><strong>info@larteficio.com<\/strong><\/u><\/a><\/p>\n\n\n\n<h2 class=\"wp-block-heading\"><strong>SUN OF A BEACH vol. III<\/strong><\/h2>\n\n\n\n<p>Cortile di <a href=\"http:\/\/www.spazio211.com\" class=\"rank-math-link\" target=\"_blank\" rel=\"noopener\">Spazio 211<\/a>, via Cigna 211<\/p>\n\n\n\n<p><strong>18 giugno \/ 25 settembre<\/strong><\/p>\n\n\n\n<p>Il giardino di via Cigna 211, grazie alla confluenza delle esperienze degli storici club di Torino&nbsp;<strong>sPAZIO211<\/strong>&nbsp;e&nbsp;<strong>BLAH BLAH<\/strong>,&nbsp;<strong>dal 18 giugno al 26 settembre<\/strong>&nbsp;si trasformer\u00e0 in&nbsp;<strong>palcoscenico aperto a tutta la citt\u00e0<\/strong>, proponendo uno sguardo nuovo e insolito sulle geografie e le storie del passato, del presente e del futuro, attraverso una<strong>&nbsp;programmazione quotidiana<\/strong>&nbsp;che, oltre all\u2019esibizione delle punte di diamante del panorama artistico nazionale, vedr\u00e0 intervallarsi concerti acustici, letture di prosa e poesia, proiezioni ed esposizioni di arte visiva.<\/p>\n\n\n\n<p>Una grande arena spettacoli da&nbsp;<strong>600 posti<\/strong>&nbsp;dove potere assistere in sicurezza a&nbsp;<strong>oltre 20 grandi eventi<\/strong>&nbsp;che vedranno alternarsi leggende della&nbsp;<strong>scena musicale underground<\/strong>&nbsp;italiana e internazionale (<strong>Tre Allegri Ragazzi Morti, Punkreas, Bologna Violenta, Bachi Da Pietra, Assalti Frontali, Cyborgs, Ovo, Uochi Tochi, Lily Refrain, Rock'n'roll Kamikazes, The Good Fellas<\/strong>&nbsp;e tantissimi altri), esponenti tra i pi\u00f9 estroversi della nuova leva&nbsp;<strong>cantautorale<\/strong>&nbsp;ed&nbsp;<strong>elettronica<\/strong>, performance degli interpreti della&nbsp;<strong>stand up comedy<\/strong>&nbsp;e del mondo della&nbsp;<strong>magia<\/strong>&nbsp;e dell\u2019<strong>illusionismo<\/strong>, senza trascurare le proposte dei&nbsp;<strong>giovani artisti emergenti<\/strong>. Inoltre sar\u00e0 realizzata una&nbsp;<strong>spiaggia urbana<\/strong>&nbsp;dove si potranno vivere momenti di evasione.<\/p>\n\n\n\n<p><strong>Info e contatti: tel. 01119705919&nbsp;<\/strong><strong>info@spazio211.com<\/strong><\/p>\n\n\n\n<h2 class=\"wp-block-heading\"><strong><a href=\"http:\/\/www.officinecaos.net\/index.php\/coraggio-2021\" class=\"rank-math-link\" target=\"_blank\" rel=\"noopener\">IL CORAGGIO DI ESSERE FELICI<\/a><\/strong><\/h2>\n\n\n\n<p>Cortile Parrocchia \u2018Santa Famiglia di Nazaret\u2019 piazza Eugenio Montale<\/p>\n\n\n\n<p><strong>11 giugno \/ 17 luglio<\/strong><\/p>\n\n\n\n<p>Con la rassegna&nbsp;<strong>\u2018Il Coraggio di Essere Felici\u2019<\/strong>&nbsp;<strong>Stalker Teatro<\/strong>&nbsp;vuole ridare fiducia al territorio, al quartiere Le Vallette, perch\u00e9 le persone possano nuovamente incontrarsi, sorridere e innamorarsi. In calendario<strong>&nbsp;dall\u201911 giugno al 17 luglio, 9 serate di spettacolo dal vivo e 3 di cinema<\/strong>, con artisti locali e nazionali che presenteranno lavori contemporanei e brillanti, concerti e film.&nbsp;<strong>Fitta l\u2019agenda di appuntamenti pomeridiani o mattutini per grandi e piccoli ideata con e per la comunit\u00e0 delle Vallette:&nbsp;<\/strong>letture animate, web radio, passeggiate nell\u2019architettura e nella storia del quartiere, laboratori teatrali e di giocoleria, danza di comunit\u00e0, fino al workshop per la realizzazione di un taccuino Moleskine d\u2019autore con l\u2019artista Sara Conforti. La ricerca artistica sar\u00e0 esposta a ottobre alla XIII Florence Biennale - Eternal Feminine | Eternal Change.&nbsp;<strong>Un programma articolato reso possibile dalla co-progettazione<\/strong>&nbsp;che ha coinvolto associazioni culturali, gruppi spontanei e singoli cittadini, con un\u2019attivit\u00e0 di&nbsp;<strong>networking all\u2019insegna dell\u2019inclusione e della partecipazione<\/strong>, cifre costanti delle proposte culturali di Officine Caos.<\/p>\n\n\n\n<p><strong>Info e contatti: tel. 0117399833 \/ 0115881853 \/ 3755595428<\/strong><\/p>\n\n\n\n<p><a><u><strong>info@officinecaos.net<\/strong><\/u><\/a><\/p>\n\n\n\n<h2 class=\"wp-block-heading\"><strong>ESTATE AL PARCO DEL FANTASTICO<\/strong><\/h2>\n\n\n\n<p><a href=\"https:\/\/www.mufant.it\" class=\"rank-math-link\" target=\"_blank\" rel=\"noopener\"><strong>Ass. Immagina Museo Mufan<\/strong>t<\/a> - piazza Riccardo Valla 5<\/p>\n\n\n\n<p><strong>5 giugno \/ 20 settembre<\/strong><\/p>\n\n\n\n<p><strong>Il MUFANT&nbsp;<\/strong>propone&nbsp;<strong>Estate al Parco del Fantastico<\/strong>,<strong>&nbsp;<\/strong>la rassegna di eventi che si tiene all'aperto nella grande piazza rigenerata adiacente il museo, intitolata alla memoria di Riccardo Valla, figura fondamentale della fantascienza italiana. L'area che ospita la rassegna \u00e8 stata riqualificata e ribattezzata \u2018Parco del Fantastico\u2019 grazie al Patto di Collaborazione Co-City che il Mufant ha stretto con la Citt\u00e0 di Torino. La rassegna comincia a giugno e si conclude il 19 settembre - con&nbsp;<strong>Loving the Alien Fest<\/strong>, evento di punta dell'intera manifestazione. Si tratta di un festival di tre giornate dedicato all'immaginario fantastico, alla fantascienza, all'inclusione sociale e alla rigenerazione urbana&nbsp;il cui tema \u00e8&nbsp;&nbsp;<strong>Citt\u00e0 del Futuro<\/strong>&nbsp;fra ecosostenibilit\u00e0 e tecnologia.&nbsp;In abbinamento all'interno del museo, in occasione degli 80 anni di Wonder Woman,&nbsp;si inaugurer\u00e0 la mostra&nbsp;<strong>Women in Wonder<\/strong>, dedicata alle supereroine fra fumetto e cinema.&nbsp;<strong>Estate al Parco del Fantastico<\/strong>&nbsp;\u00e8 costituita da 11 giornate fra incontri, passeggiate letterarie, musica, teatro, laboratori creativi per famiglie con bambine\/i, attivit\u00e0 di giardinaggio e garden design partecipato e il festival di settembre.&nbsp;Fra le attivit\u00e0, tutte gratuite, sono in programma:&nbsp;<strong>Fantastika Days<\/strong>, pomeriggi del weekend dedicati a cinema, letteratura e fantascienza;&nbsp;<strong>Fantalabs<\/strong>&nbsp;<strong>- Che statue fantastiche!<\/strong>,<strong>&nbsp;<\/strong>laboratori creativi per bambini e bambine ispirati a Wonder Woman, Alien e alle altre statue presenti nel parco;&nbsp;<strong>Fantastika Night<\/strong>, teatro e performance che dialogano con l'immaginario fantastico tutti i venerd\u00ec sera;&nbsp;<strong>Proxima Days<\/strong>,<strong>&nbsp;<\/strong>attivit\u00e0 di giardinaggio e garden design partecipato per prendersi cura delle aree verdi e dello spazio pubblico;&nbsp;<strong>Incontri Ravvicinati<\/strong>&nbsp;dedicati alle modalit\u00e0 con cui il fantastico contempla tematiche inerenti l'inclusione sociale e l'intercultura.<\/p>\n\n\n\n<p><strong>Info e contatti: tel. 3498171960 |&nbsp;<\/strong><a><u><strong>info@mufant.it<\/strong><\/u><\/a><\/p>\n\n\n\n<h2 class=\"wp-block-heading\"><strong>E\/STATE IN SVINCOLI 2021<\/strong><\/h2>\n\n\n\n<p><strong><a href=\"http:\/\/www.sanpietroinvincoli.org\" class=\"rank-math-link\" target=\"_blank\" rel=\"noopener\">Associazione San Pietro in Vincoli zona teatro<\/a><\/strong>, Ex Cimitero San Pietro in Vincoli<\/p>\n\n\n\n<p><strong>5 giugno \/ 20 settembre<\/strong><\/p>\n\n\n\n<p>Programmazione culturale e di spettacolo ideata per valorizzare il complesso architettonico di San Pietro in Vincoli. I contenuti culturali esplorano la relazione tra benessere psicofisico e qualit\u00e0 della vita delle persone e delle comunit\u00e0, secondo una logica di empowering individuabile e collettivo. Si tratta di un progetto di rivitalizzazione dell\u2019area a forte rischio di degrado compresa tra il Lungo Dora, il centro del Borgo Dora e via Cigna attraverso azioni orientate ad aprire il complesso monumentale San Pietro in Vincoli a frequentazioni eterogenee della zona. Nel programma sono comprese diverse attivit\u00e0 per i giovani tra i 16 e 25 anni con talk, musica e performance che coinvolgeranno creativi, artisti e performer, ma soprattutto il pubblico. Postazioni di lavoro, studio e incontro sotto il portico del cortile interno, summer camp delle arti sceniche per bambini e famiglie, performance e intrattenimenti culturali.&nbsp;<\/p>\n\n\n\n<p><strong>Info e contatti:&nbsp;<\/strong><a><u><strong>spietroinvincoli@gmail.com<\/strong><\/u><\/a><\/p>\n\n\n\n<h2 class=\"wp-block-heading\"><strong>CASCINA SOTTO LE STELLE 2021<\/strong><\/h2>\n\n\n\n<p><strong><a href=\"http:\/\/www.cascinaroccafranca.it\" class=\"rank-math-link\" target=\"_blank\" rel=\"noopener\">Cascina Roccafranca<\/a><\/strong>, Via Edoardo Rubino 45<\/p>\n\n\n\n<p><strong>19 giugno \/ 4 agosto<\/strong><\/p>\n\n\n\n<p>La rassegna \u201cCASCINA SOTTO LE STELLE\u201d integra perfettamente le finalit\u00e0 e gli obiettivi che la Fondazione Cascina Roccafranca persegue, quelli di essere un centro civico di riferimento per gli abitanti del quartiere e non, anche nel periodo estivo.<\/p>\n\n\n\n<p>Una rassegna gratuita offerta a tutta la cittadinanza, che risponde a bisogni e interessi di diverse fasce di et\u00e0, un\u2019occasione per partecipare attivamente&nbsp;<\/p>\n\n\n\n<p>alla vita sociale e culturale del quartiere. L\u2019obiettivo \u00e8 quello di ridare stimolo all\u2019aggregazione culturale dopo pi\u00f9 di un anno di stop, con un occhio di riguardo al coinvolgimento di nuovi pubblici, soprattutto giovanissimi e giovani under 35. I partner coinvolti, con cui Cascina collabora da tempo, sono realt\u00e0 che garantiscono un\u2019offerta artistica e culturale articolata, innovativa e di richiamo su tutto il territorio cittadino. Musica, teatro e improvvisazione teatrale, danze, attivit\u00e0 e laboratori per bambini, aperitivi musicali, cinema d\u2019autore. Una rassegna multidisciplinare e aperta a tutte le espressioni artistiche. Una rassegna \u2018fluida\u2019, facilmente flessibile e modulabile nell\u2019attuazione. Cascina Roccafranca \u00e8 una originalissima struttura di 2500 mq. situata a Mirafiori Nord e fa parte della Rete delle Case del Quartiere di Torino.<\/p>\n\n\n\n<p>Uno spazio \u2018altro\u2019 rispetto alla citt\u00e0 circostante, un luogo protetto, adatto a ospitare diversi tipi di eventi. Chi vi entra si immerge in un\u2019atmosfera tranquilla che fa dimenticare di essere in citt\u00e0.<\/p>\n\n\n\n<p><strong>Info e contatti: tel. 01101136250<\/strong><\/p>\n\n\n\n<h2 class=\"wp-block-heading\"><strong>CINEMA IN FAMIGLIA \u2013 XI EDIZIONE<\/strong><\/h2>\n\n\n\n<p><strong>Associazione Zampan\u00f2<\/strong>, Piazza del Piano, piazzale Rostagno, Parco Rignon, via di Nanni<\/p>\n\n\n\n<p><strong>2 luglio \/ 21 agosto<\/strong><\/p>\n\n\n\n<p>Cinema in Famiglia \u00e8 una rassegna cinematografica all\u2019aperto itinerante con 28 appuntamenti in 4 aree verdi e periferiche di Torino nel periodo<\/p>\n\n\n\n<p>compreso tra il 9 Luglio e il 28 Agosto. Le aree coinvolte nel progetto sono: piazza Delpiano, anfiteatro in area pedonale adiacente ad area verde e area bimbi; parco Rignon, parco storico in zona Santa rita con Biblioteca Civica e area bimbi; piazzale Rostagno, area verde e area bimbi adiacente alla parrocchia.<\/p>\n\n\n\n<p>Il progetto, atteso dal pubblico del territorio, nel 2021 raggiunge la sua XI edizione. La programmazione ampia e articolata si rivolge a tutte le fasce di pubblico, dai bambini con film di animazione alle famiglie, agli studenti, agli adulti e agli anziani con commedie, film d\u2019autore, documentari, film d\u2019avventura, musical e cortometraggi. Il cinema itinerante estivo all\u2019aperto non \u00e8 una novit\u00e0 a Torino ma rappresenta storicamente un\u2019iniziativa molto apprezzata. La novit\u00e0 sta nella programmazione dove si d\u00e0 spazio a diversi generi cinematografici unendo proposte culturali di impegno con film e documentari di autore, meno conosciuti dal grande pubblico, a occasioni di svago e divertimento per bambini e famiglie. L\u2019idea \u00e8 quella di creare occasioni in cui la \u2018comunit\u00e0 del territorio\u2019 si ritrova e fruisce un\u2019iniziativa trasversale e accessibile a tutti.<\/p>\n\n\n\n<p><strong>Info e contatti: tel. 3336427338<\/strong><\/p>\n\n\n\n<h2 class=\"wp-block-heading\"><strong>INTORNO AL FESTIVAL<\/strong><\/h2>\n\n\n\n<p>L\u2019estate torinese sar\u00e0 arricchita anche dalla programmazione di eventi realizzati da quelle associazioni che, pur non avendo vinto il bando, hanno deciso di organizzare le loro rassegne con il sostegno in servizi da parte della Citt\u00e0 (sgravio totale della COSAP, fornitura di beni economali, accompagnamento per tutti gli aspetti tecnici e autorizzativi).<\/p>\n\n\n\n<h2 class=\"wp-block-heading\"><strong><a href=\"http:\/\/www.assembleateatro.com\" class=\"rank-math-link\" target=\"_blank\" rel=\"noopener\">ASSEMBLEA TEATRO<\/a><\/strong><\/h2>\n\n\n\n<p><strong>LE DONNE DEL RE: dal 7 al 10 luglio, dal 14 al 17 luglio alle ore 18.<\/strong><\/p>\n\n\n\n<p><strong>UN VIAGGIO IN CILE NELLE CASE DI PABLO NERUDA: 8 , 9, 11, 12, 15, 16, 18, 19, 22, 23, 25, 26 settembre dalle ore 15 alle ore 19<\/strong><\/p>\n\n\n\n<p><strong>Mausoleo della Bela Rosin<\/strong><\/p>\n\n\n\n<p>strada Castello di Mirafiori 148\/7&nbsp;<\/p>\n\n\n\n<p><strong>LE DONNE DEL RE<\/strong>&nbsp;- Un\u2019installazione di video-teatro sulla storia di Rosa Vercellana, detta Bela Rosin, e Vittorio Emanuele II. Diversi quadri raccontano la passione di Vittorio Emanuele II per Rosa Vercellana. Ma si pu\u00f2 parlare di un re senza averlo sulla scena? Certamente, se a parlarne sono solo donne e tra esse le diverse amanti, Laura Bon l\u2019attrice, la Maestrina di Frabosa o la moglie Maria Adelaide, Emma Ivon detta \u2018la Bela Gigugin\u2019. Tutte parlano anche e soprattutto di Rosa Vercellana, \u2018la Bela Rosin\u2019, divenuta moglie morganatica di Vittorio Emanuele II nel 1869. Posti contingentati e limitati. Prenotazioni al numero 0113042808.<\/p>\n\n\n\n<p><strong>UN VIAGGIO IN CILE NELLE CASE DI PABLO NERUDA -&nbsp;<\/strong>Mostra fotografica realizzata da Assemblea Teatro in collaborazione con la Fundaci\u00f3n Pablo Neruda con letture dalle pagine di \u2018Confesso che ho vissuto\u2019. Il programma dettagliato sul sito.<\/p>\n\n\n\n<p>Posti contingentati e limitati. Prenotazioni al numero 0113042808<\/p>\n\n\n\n<p><strong>Informazioni\u00a0<\/strong><a href=\"http:\/\/www.assembleateatro.com\/\" target=\"_blank\" rel=\"noopener\"><u><strong>www.assembleateatro.com<\/strong><\/u><\/a><strong>\u00a0, facebook, instagram<\/strong><\/p>\n\n\n\n<h2 class=\"wp-block-heading\"><strong><a href=\"http:\/\/www.imbarchino.space\" class=\"rank-math-link\" target=\"_blank\" rel=\"noopener\">MANIFESTAZIONI ESTIVE IMBARCHINO 2021<\/a><\/strong><\/h2>\n\n\n\n<p>Viale Umberto Cagni 37<\/p>\n\n\n\n<p>5 giugno \/ 29 settembre<\/p>\n\n\n\n<p>Sessioni di yoga, wellness, improvvisazione con strumenti musicali e laboratori artistici per bambini, talk, musica dal vivo, selezioni dj, assaggi di cultura turca e africana, sessione di ascolto di musica ambient, proiezioni e performance a tematica queer, evento di poesia, il festival di Radio Banda Larga, Erthink Festival, giochi e giocoleria, cinema all\u2019aperto\u2026<\/p>\n\n\n\n<p>Il programma con tutti gli appuntamenti \u00e8 consultabile online sul sito.<\/p>\n\n\n\n<p>Prenotazioni online:\u00a0gli eventi che richiedono prenotazione online saranno pubblicati su<strong>Eventbrite\u00a0<\/strong>a due settimane dalla data di inizio.<\/p>\n\n\n\n<h2 class=\"wp-block-heading\"><a href=\"http:\/\/www.facebook.com\/spiaggia.TO\" class=\"rank-math-link\" target=\"_blank\" rel=\"noopener\"><strong>SPIAGGIA.T<\/strong>O<\/a><\/h2>\n\n\n\n<p>Via San Paolo 169<\/p>\n\n\n\n<p><strong>1 giugno\/31 luglio<\/strong><\/p>\n\n\n\n<p>Un nuovo modo di trascorrere il tempo tra un libro, un disco che suona, una magia, un laboratorio, una bolla di sapone, aperitivi &amp; cene, un drink sotto le stelle, un brunch, una chiacchierata con gli amici, una lezione di fitness, un po\u2019 di sole per la tintarella, un po\u2019 di mare urbano.&nbsp;<\/p>\n\n\n\n<p>Spiaggia.TO \u00e8&nbsp;il format che nasce della trasformazione della location in un piccolo e stravagante lido marittimo urbano: ombrelloni, sdraio, gonfiabili e vaporizzatori con sonorizzazione, mixology e performance artistico\/musicali di accompagnamento. Un ampio palinsesto vedr\u00e0 come protagoniste alcune tra le eccellenze sabaude del settore della musica. Un punto di ritrovo della club culture torinese che ospiter\u00e0, ogni settimana a rotazione, i promoter della citt\u00e0 i quali con un variegato men\u00f9 musicale faranno da colonna sonora alle diverse attivit\u00e0: cabaret, laboratori di autoproduzione,&nbsp;Teatro di Strada, esibizioni di illusionismo e magia, karaoke, griglieria, corsi di cucina e sana alimentazione,&nbsp;talk, camp, format, comedy, kids&nbsp;&amp; clownerie per bambini, laboratori ragazzi, pranzi in famiglia, area relax, lounge, aperitivi, food, drink, area studio, 360\u00b0 di suoni, dal blues al wave, sound tematici dal funky afro al rock all'elettronica,&nbsp;happy hour &amp;&nbsp;cabaret, fitness, yoga e tanti spettacoli live con band emergenti della nostra bella citt\u00e0.&nbsp;<\/p>\n\n\n\n<h2 class=\"wp-block-heading\"><strong><a href=\"http:\/\/www.ondalarsen.org\" class=\"rank-math-link\" target=\"_blank\" rel=\"noopener\">ONDA LARSEN APS<\/a><\/strong><\/h2>\n\n\n\n<p>Via Sordevolo<\/p>\n\n\n\n<p><strong>26 agosto \/ 11 settembre<\/strong><\/p>\n\n\n\n<p>Una rassegna di eventi e spettacoli selezionati tra le eccellenze del teatro e dalla musica indipendente, con una programmazione eterogenea e originale, in modo da avvicinare e coinvolgere una platea estremamente differenziata. Saranno anche ospitati diversi spettacoli ed eventi del Torino Fringe Festival che \u2018invader\u00e0\u2019 la programmazione di WONDERLAND!!!<\/p>\n\n\n\n<p>Possibilit\u00e0 di rilassarsi, food&amp;beverage.<\/p>\n\n\n\n<h2 class=\"wp-block-heading\"><strong>ESTATE A TEATRO<\/strong><\/h2>\n\n\n\n<p><strong>CASA DEL TEATRO RAGAZZI E GIOVANI<\/strong><strong>&nbsp;-<\/strong><a href=\"http:\/\/www.casateatroragazzi.it\/\" target=\"_blank\" rel=\"noopener\"><u><strong>www.casateatroragazzi.it<\/strong><\/u><\/a><\/p>\n\n\n\n<p>Appuntamenti d'estate alla Casa del Teatro:&nbsp;<\/p>\n\n\n\n<p>\u2018<strong>VEDIAMOCI A TEATRO\u2019 - 5 giugno \/19 settembre - piazzale Grande Torino 81<\/strong><\/p>\n\n\n\n<p>Il programma propone le ultime produzioni della Fondazione TRG Onlus e prevede collaborazioni con i pi\u00f9 autorevoli enti di rilevanza nazionale per il Teatro per le Nuove Generazioni, appuntamenti dedicati alla Musica e alla Danza. La stagione, che&nbsp;<strong>dal<\/strong><strong>&nbsp;<\/strong><strong>5 giugno al 19 settembre<\/strong>&nbsp;include&nbsp;<strong>oltre 50 appuntamenti<\/strong>&nbsp;su&nbsp;<strong>4 palcoscenici all'aperto e negli spazi della Casa del Teatro<\/strong>, offrir\u00e0 al nostro pubblico, occasioni di incontro e socialit\u00e0.&nbsp;<\/p>\n\n\n\n<p><strong>Info e contatti:\u00a0<\/strong>Casa del Teatro Ragazzi e Giovani tel. 3892064590<a><u>biglietteria@casateatroragazzi.it<\/u><\/a>\u00a0<\/p>\n\n\n\n<h2 class=\"wp-block-heading\"><strong><a href=\"http:\/\/www.teatroregio.torino.it\" class=\"rank-math-link\" target=\"_blank\" rel=\"noopener\">REGIO OPERA FESTIVAL. A DIFESA DELLA CULTURA<\/a><\/strong><\/h2>\n\n\n\n<p><strong>Cortile di Palazzo Arsenale 15 giugno \u2013 22 settembre<\/strong><\/p>\n\n\n\n<p>Nello splendido&nbsp;<strong>Cortile di Palazzo Arsenale<\/strong>, Sede del Comando per la Formazione e Scuola di Applicazione dell\u2019Esercito, si terr\u00e0 il \u2018<strong>Regio Opera Festival. A Difesa della Cultura\u2019<\/strong>, oltre&nbsp;<strong>tre mesi<\/strong>&nbsp;di intensa programmazione artistica tra&nbsp;<strong>opere<\/strong>,&nbsp;<strong>concerti<\/strong>&nbsp;e&nbsp;<strong>appuntamenti per bambini e famiglie<\/strong>. Il Festival si realizza con il&nbsp;<strong>patrocinio<\/strong>&nbsp;del&nbsp;<strong>Ministero della Difesa<\/strong>&nbsp;e del&nbsp;<strong>Ministero della Cultura<\/strong>.<\/p>\n\n\n\n<p><strong>Info e contatti:&nbsp;<\/strong>Teatro Regio Torino Info Point tel. 0118815241<a><u>biglietteria@teatroregio.torino.it<\/u><\/a><br>Biglietti sul sito del Teatro da marted\u00ec 1 giugno<\/p>\n\n\n\n<p><strong>TEATRO STABILE<\/strong><strong>&nbsp;-&nbsp;<\/strong><a href=\"http:\/\/www.teatrostabile.it\/\" target=\"_blank\" rel=\"noopener\"><u><strong>www.teatrostabile.it<\/strong><\/u><\/a><\/p>\n\n\n\n<p>Un appuntamento imperdibile per l\u2019estate torinese:<\/p>\n\n\n\n<p>\u2018<strong>PRATO INGLESE\u2019 - 6 luglio \/ 8 agosto<\/strong>&nbsp;-&nbsp;<strong>Teatro Carignano<\/strong><\/p>\n\n\n\n<p><strong>Molto rumore per nulla - di William<\/strong>&nbsp;<strong>Shakespeare<\/strong><\/p>\n\n\n\n<p>Alla sua terza stagione, Prato inglese si conferma un appuntamento imperdibile per l\u2019estate torinese, con i suoi due ingredienti fondamentali: la sala del Teatro Carignano e i testi di William Shakespeare. Silvio Peroni dirige una commedia che nasconde molteplici inganni, a partire dalla trama e dal titolo, popolati di equivoci e intrighi al centro di schermaglie amorose tra giovani donne e brillanti giovanotti.<\/p>\n\n\n\n<p><strong>Info e contatti:&nbsp;<\/strong>biglietteria Teatro Carignano, piazza Carignano, 6&nbsp;<\/p>\n\n\n\n<p>tel: 011\/ 5169555 -&nbsp;<a><u>biglietteria@teatrostabiletorino.it<\/u><\/a><\/p>\n","protected":false},"excerpt":{"rendered":"<p>Si chiama Torino a Cielo Aperto - Festival d'Estate ed \u00e8 il cartellone che raccoglie gli appuntamenti estivi torinesi. Un ricco cartellone di eventi culturali estivi diffusi su tutto il territorio che, dopo il lungo lockdown dovuto all\u2019emergenza sanitaria, oltre a sostenere la ripresa delle attivit\u00e0, permetter\u00e0 ai cittadini di tornare a partecipare dal vivo [&hellip;]<\/p>\n","protected":false},"author":7,"featured_media":16262,"comment_status":"open","ping_status":"open","sticky":false,"template":"","format":"standard","meta":{"_acf_changed":false,"_monsterinsights_skip_tracking":false,"_monsterinsights_sitenote_active":false,"_monsterinsights_sitenote_note":"","_monsterinsights_sitenote_category":0,"footnotes":""},"categories":[190],"tags":[],"class_list":["post-16261","post","type-post","status-publish","format-standard","has-post-thumbnail","hentry","category-eventi"],"acf":[],"_links":{"self":[{"href":"https:\/\/shopinthecity.it\/torino\/wp-json\/wp\/v2\/posts\/16261","targetHints":{"allow":["GET"]}}],"collection":[{"href":"https:\/\/shopinthecity.it\/torino\/wp-json\/wp\/v2\/posts"}],"about":[{"href":"https:\/\/shopinthecity.it\/torino\/wp-json\/wp\/v2\/types\/post"}],"author":[{"embeddable":true,"href":"https:\/\/shopinthecity.it\/torino\/wp-json\/wp\/v2\/users\/7"}],"replies":[{"embeddable":true,"href":"https:\/\/shopinthecity.it\/torino\/wp-json\/wp\/v2\/comments?post=16261"}],"version-history":[{"count":0,"href":"https:\/\/shopinthecity.it\/torino\/wp-json\/wp\/v2\/posts\/16261\/revisions"}],"wp:featuredmedia":[{"embeddable":true,"href":"https:\/\/shopinthecity.it\/torino\/wp-json\/wp\/v2\/media\/16262"}],"wp:attachment":[{"href":"https:\/\/shopinthecity.it\/torino\/wp-json\/wp\/v2\/media?parent=16261"}],"wp:term":[{"taxonomy":"category","embeddable":true,"href":"https:\/\/shopinthecity.it\/torino\/wp-json\/wp\/v2\/categories?post=16261"},{"taxonomy":"post_tag","embeddable":true,"href":"https:\/\/shopinthecity.it\/torino\/wp-json\/wp\/v2\/tags?post=16261"}],"curies":[{"name":"wp","href":"https:\/\/api.w.org\/{rel}","templated":true}]}}