{"id":16363,"date":"2021-06-15T14:22:42","date_gmt":"2021-06-15T12:22:42","guid":{"rendered":"https:\/\/shopinthecity.it\/torino\/?p=16363"},"modified":"2021-06-15T14:22:46","modified_gmt":"2021-06-15T12:22:46","slug":"torino-outlet-village-presenta-il-festival-letterario-raccontati","status":"publish","type":"post","link":"https:\/\/shopinthecity.it\/torino\/torino-outlet-village-presenta-il-festival-letterario-raccontati\/","title":{"rendered":"Torino Outlet Village presenta il festival letterario \"Raccontati\""},"content":{"rendered":"\n<p>Si chiama <a href=\"https:\/\/www.torinooutletvillage.com\/it\/eventi\/raccontati\/\" class=\"rank-math-link\" target=\"_blank\" rel=\"noopener\"><strong>\"Raccontati\" il festival letterario del Torino Outlet Village<\/strong><\/a>, in programma dal 18 al 27 giugno 2021. <\/p>\n\n\n\n<p>La rassegna letteraria ospiter\u00e0 ogni sera firme nuove o storiche del panorama editoriale nazionale, come&nbsp;<strong>Giancarlo Tartaglia<\/strong>, Direttore generale della Federazione nazionale della Stampa Italiana, che dialogher\u00e0 con il pubblico sul suo ultimo libro, \u201cRitorna la libert\u00e0 di stampa. Il Giornalismo italiano dal 1943 al 1947\u201d.&nbsp;<strong>Antonio Caprarica<\/strong>, insider del mondo reale inglese, presenter\u00e0 il suo ultimo libro sulla regina Elisabetta II, e condivider\u00e0 con i lettori tante curiosit\u00e0 e piccoli segreti legati al favoloso mondo dei royals, in bilico fra oneri e onori.<\/p>\n\n\n\n<p>Ci saranno anche fenomeni giovanissimi e seguiti da milioni di ragazzi sui social, come&nbsp;<strong>Luis Sal<\/strong>, youtuber di successo e autore di un podcast seguitissimo co-condotto con Fedez, che presenter\u00e0 il suo divertente manuale \u201cIl Luismo\u201d, interagendo con i fan.&nbsp; Ci saranno anche&nbsp;<strong>Martina Socrate<\/strong>, super tiktoker, che condivider\u00e0 con il pubblico come \u00e8 nata la storia dietro al suo primo romanzo, \u201cAndava tutto troppo bene\u201d, e Valeria Vedovatti, giovanissima star dei social che presenta il suo secondo libro, ispirato dalla sua storia personale e toccante, intitolato \u201cPer rinascere\u201d.<\/p>\n\n\n\n<p>Il Torino Outlet Village si propone da sempre come un catalizzatore di talenti. Cos\u00ec come sono tante e diversificate le proposte shopping, per soddisfare un pubblico eterogeneo e sempre alla ricerca di capi cool senza perdere di vista il portafogli, altrettante sono le proposte di questo festival letterario. Dai nomi pi\u00f9 conosciuti e amati, come\u00a0<strong>Sandra Milo e Chiara Francini<\/strong>, brillanti attrici e scrittrici, a quelli emergenti, come Raissa e Momo, coppia social che si batte contro i pregiudizi etnici e culturali, la rassegna \u201cRaccontati\u201d ospita un mix eccellente di firme.<\/p>\n\n\n\n<h2 class=\"wp-block-heading\">Informazioni <\/h2>\n\n\n\n<p>Per partecipare agli eventi \u00e8 obbligatoria la prenotazione, che sar\u00e0 effettuabile nello spazio culturale riservato alla rassegna \u201cRaccontati\u201d, situato nella piazza principale del Village e visitabile per prenotarsi da mercoled\u00ec 16 e gioved\u00ec 17 giugno dalle 11 alle 13 e dalle 14 alle 18.&nbsp; Lo spazio rimarr\u00e0 aperto anche per tutto il corso della rassegna, dal 18 al 27 giugno, seguendo gli orari 11 \u2013 13 e dalle 15 fino a fine evento serale.<\/p>\n\n\n\n<p>Per qualsiasi informazione e prenotare il proprio posto \u00e8 sempre possibile contattare l\u2019Infopoint del Village al +39 011 19234780, o tramite e-mail,&nbsp;<a href=\"mailto:info@torinooutletvillage.com\" rel=\"noreferrer noopener\" target=\"_blank\">info@torinooutletvillage.com<\/a>.<\/p>\n\n\n\n<p>Inoltre, acquistando una copia di un libro durante una serata della rassegna letteraria \u201cRaccontati\u201d, i clienti riceveranno un buono con un -10% di sconto per fare shopping nei negozi del Village.<\/p>\n\n\n\n<p><\/p>\n","protected":false},"excerpt":{"rendered":"<p>Si chiama \"Raccontati\" il festival letterario del Torino Outlet Village, in programma dal 18 al 27 giugno 2021. La rassegna letteraria ospiter\u00e0 ogni sera firme nuove o storiche del panorama editoriale nazionale, come&nbsp;Giancarlo Tartaglia, Direttore generale della Federazione nazionale della Stampa Italiana, che dialogher\u00e0 con il pubblico sul suo ultimo libro, \u201cRitorna la libert\u00e0 di [&hellip;]<\/p>\n","protected":false},"author":7,"featured_media":16364,"comment_status":"open","ping_status":"open","sticky":false,"template":"","format":"standard","meta":{"_acf_changed":false,"_monsterinsights_skip_tracking":false,"_monsterinsights_sitenote_active":false,"_monsterinsights_sitenote_note":"","_monsterinsights_sitenote_category":0,"footnotes":""},"categories":[190],"tags":[],"class_list":["post-16363","post","type-post","status-publish","format-standard","has-post-thumbnail","hentry","category-eventi"],"acf":[],"_links":{"self":[{"href":"https:\/\/shopinthecity.it\/torino\/wp-json\/wp\/v2\/posts\/16363","targetHints":{"allow":["GET"]}}],"collection":[{"href":"https:\/\/shopinthecity.it\/torino\/wp-json\/wp\/v2\/posts"}],"about":[{"href":"https:\/\/shopinthecity.it\/torino\/wp-json\/wp\/v2\/types\/post"}],"author":[{"embeddable":true,"href":"https:\/\/shopinthecity.it\/torino\/wp-json\/wp\/v2\/users\/7"}],"replies":[{"embeddable":true,"href":"https:\/\/shopinthecity.it\/torino\/wp-json\/wp\/v2\/comments?post=16363"}],"version-history":[{"count":0,"href":"https:\/\/shopinthecity.it\/torino\/wp-json\/wp\/v2\/posts\/16363\/revisions"}],"wp:featuredmedia":[{"embeddable":true,"href":"https:\/\/shopinthecity.it\/torino\/wp-json\/wp\/v2\/media\/16364"}],"wp:attachment":[{"href":"https:\/\/shopinthecity.it\/torino\/wp-json\/wp\/v2\/media?parent=16363"}],"wp:term":[{"taxonomy":"category","embeddable":true,"href":"https:\/\/shopinthecity.it\/torino\/wp-json\/wp\/v2\/categories?post=16363"},{"taxonomy":"post_tag","embeddable":true,"href":"https:\/\/shopinthecity.it\/torino\/wp-json\/wp\/v2\/tags?post=16363"}],"curies":[{"name":"wp","href":"https:\/\/api.w.org\/{rel}","templated":true}]}}