{"id":16901,"date":"2021-11-30T12:03:39","date_gmt":"2021-11-30T11:03:39","guid":{"rendered":"https:\/\/shopinthecity.it\/torino\/?p=16901"},"modified":"2021-11-30T12:03:40","modified_gmt":"2021-11-30T11:03:40","slug":"chieri-riapre-la-storica-caffetteria-vergnano","status":"publish","type":"post","link":"https:\/\/shopinthecity.it\/torino\/chieri-riapre-la-storica-caffetteria-vergnano\/","title":{"rendered":"Chieri: riapre la storica caffetteria Vergnano"},"content":{"rendered":"\n<p>Riapre a Chieri la storica Caffetteria Vergnano nella centralissima via Vittorio Emanuele II al numero 32.<br>Il primo dicembre, dopo quasi due anni di chiusura dovuta al difficile momento storico che stiamo vivendo, il locale riapre le sue porte negli stessi luoghi dove la storia della famiglia Vergnano affonda le sue radici.<\/p>\n\n\n\n<p>La riapertura sar\u00e0 prevista negli stessi locali in cui tutto ebbe inizio, a testimonianza che la storia di Caff\u00e8 Vergnano \u00e8 da sempre sinonimo di tradizione, italianit\u00e0, di passione e di famiglia&nbsp;e dell\u2019importanza di \u201ctenersi strette\u201d le proprie radici, ora pi\u00f9 che mai.<\/p>\n\n\n\n<p>La tostatura del caff\u00e8 \u00e8&nbsp;il momento in cui nasce un\u2019ottima tazzina, \u00e8 un\u2019arte che si impara grazie alla passione e all\u2019esperienza, che esalta aromi&nbsp;e profumi e la caffetteria di Chieri, che conserva ancora la storica tostatrice, \u00e8 in grado di offrire sul momento&nbsp;un\u2019esperienza unica&nbsp;a tutti i Coffee Lovers.<\/p>\n\n\n\n<p>Inoltre, con il suo look rinnovato e ancora pi\u00f9 accogliente,&nbsp;sar\u00e0 un luogo d\u2019incontro&nbsp;in cui&nbsp;gustare l\u2019autentico caff\u00e8 dall\u2019aroma inconfondibile&nbsp;da quasi 140 anni.<\/p>\n\n\n\n<p>L\u2019evento rappresenter\u00e0 anche un forte segnale di ripresa per il mondo della torrefazione e del lavoro mettendo sempre al centro il caff\u00e8,&nbsp;fil rouge che abbraccia famiglie, baristi,&nbsp;dipendenti dell\u2019azienda, clienti e consumatori.<br>Nel nuovo locale sar\u00e0 anche disponibile la gamma di prodotti a marchio Vergnano che include la Christmas Collection: un\u2019offerta di&nbsp;tazzine natalizie, Gift Box e la novit\u00e0 del Natale 2021- Reunion Moka - una moka da 18 tazzine, regalo perfetto per chi desidera dare al giorno pi\u00f9&nbsp;atteso dell\u2019anno l\u2019aroma del miglior caff\u00e8.<\/p>\n","protected":false},"excerpt":{"rendered":"<p>Riapre a Chieri la storica Caffetteria Vergnano nella centralissima via Vittorio Emanuele II al numero 32.Il primo dicembre, dopo quasi due anni di chiusura dovuta al difficile momento storico che stiamo vivendo, il locale riapre le sue porte negli stessi luoghi dove la storia della famiglia Vergnano affonda le sue radici. La riapertura sar\u00e0 prevista [&hellip;]<\/p>\n","protected":false},"author":7,"featured_media":16902,"comment_status":"open","ping_status":"open","sticky":false,"template":"","format":"standard","meta":{"_acf_changed":false,"_monsterinsights_skip_tracking":false,"_monsterinsights_sitenote_active":false,"_monsterinsights_sitenote_note":"","_monsterinsights_sitenote_category":0,"footnotes":""},"categories":[296],"tags":[],"class_list":["post-16901","post","type-post","status-publish","format-standard","has-post-thumbnail","hentry","category-vetrina"],"acf":[],"_links":{"self":[{"href":"https:\/\/shopinthecity.it\/torino\/wp-json\/wp\/v2\/posts\/16901","targetHints":{"allow":["GET"]}}],"collection":[{"href":"https:\/\/shopinthecity.it\/torino\/wp-json\/wp\/v2\/posts"}],"about":[{"href":"https:\/\/shopinthecity.it\/torino\/wp-json\/wp\/v2\/types\/post"}],"author":[{"embeddable":true,"href":"https:\/\/shopinthecity.it\/torino\/wp-json\/wp\/v2\/users\/7"}],"replies":[{"embeddable":true,"href":"https:\/\/shopinthecity.it\/torino\/wp-json\/wp\/v2\/comments?post=16901"}],"version-history":[{"count":0,"href":"https:\/\/shopinthecity.it\/torino\/wp-json\/wp\/v2\/posts\/16901\/revisions"}],"wp:featuredmedia":[{"embeddable":true,"href":"https:\/\/shopinthecity.it\/torino\/wp-json\/wp\/v2\/media\/16902"}],"wp:attachment":[{"href":"https:\/\/shopinthecity.it\/torino\/wp-json\/wp\/v2\/media?parent=16901"}],"wp:term":[{"taxonomy":"category","embeddable":true,"href":"https:\/\/shopinthecity.it\/torino\/wp-json\/wp\/v2\/categories?post=16901"},{"taxonomy":"post_tag","embeddable":true,"href":"https:\/\/shopinthecity.it\/torino\/wp-json\/wp\/v2\/tags?post=16901"}],"curies":[{"name":"wp","href":"https:\/\/api.w.org\/{rel}","templated":true}]}}