{"id":17180,"date":"2022-02-02T14:23:35","date_gmt":"2022-02-02T13:23:35","guid":{"rendered":"https:\/\/shopinthecity.it\/torino\/?p=17180"},"modified":"2022-02-02T14:23:37","modified_gmt":"2022-02-02T13:23:37","slug":"caffe-vergnano-compie-140-anni-la-storia","status":"publish","type":"post","link":"https:\/\/shopinthecity.it\/torino\/caffe-vergnano-compie-140-anni-la-storia\/","title":{"rendered":"Caff\u00e8 Vergnano compie 140 anni: la storia"},"content":{"rendered":"\n<p>Questa \u00e8 la storia di una famiglia piemontese, delle sue quattro generazioni e delle sue intuizioni pi\u00f9 felici, passate attraverso 140 anni ed una tazzina di caff\u00e8 come costante che attraversa il tempo.<\/p>\n\n\n\n<p>La storia di Caff\u00e8 Vergnano parte nel 1882 da una piccola drogheria voluta e sognata da Domenico Vergnano dove la passione per la miscela si fa ben presto culto e - soprattutto - impresa. Un luogo in cui si sprigionano profumi, si raccontano leggende, si parla di bellezza, si instaurano rapporti umani duraturi e sinceri, si sogna molto e si lavora tanto.<\/p>\n\n\n\n<p>L\u2019intuito vede sempre prima degli occhi&nbsp;e certamente \u00e8 stato cos\u00ec anche nel 1930, quando Enrico Vergnano, figlio di Domenico, decide di acquisire la prima fattoria produttrice di caff\u00e8 in Kenya andando a segnare una svolta rilevante&nbsp;per l\u2019impresa di famiglia.<\/p>\n\n\n\n<p>Nel 1970, a quasi cento anni di distanza, Carlo e Franco (nipoti di Domenico) che in quella stessa drogheria hanno vissuto momenti felici da bambini,&nbsp;prendono le redini dell\u2019azienda&nbsp;portando Caff\u00e8 Vergnano verso gli albori di una nuova era.<\/p>\n\n\n\n<p>Il 1986,&nbsp;l\u2019acquisizione di Casa del Caff\u00e8 a Torino, segna il consolidamento imprenditoriale nel mondo dell\u2019Horeca. Si arriva cos\u00ec al 1996 quando i confini di Caff\u00e8 Vergnano si allargano verso il mercato estero attraverso un processo di internazionalizzazione e sviluppo che permetter\u00e0 al brand di affermarsi in 90 paesi.<\/p>\n\n\n\n<p>Nel corso degli anni, Caff\u00e8 Vergnano ha fatto della cultura del caff\u00e8 una filosofia di vita, grazie al suo know-how di eccellenza e qualit\u00e0, differenziandosi in questo modo dalle politiche commerciali dei maggiori competitor.<\/p>\n\n\n\n<p>\u00c8&nbsp;proprio&nbsp;con l\u2019entrata&nbsp;nel business della quarta generazione composta da Carolina, Enrico e Pietro Vergnano che la voglia di mantenere e consolidare i valori familiari in ottica di sviluppo, soprattutto affermandosi in mercati emergenti e in forte crescita, diventa centrale per il successo dell\u2019azienda&nbsp;che si avvia, oggi, verso un anniversario importante.<\/p>\n\n\n\n<p>Parole come sostenibilit\u00e0 ambientale e sociale sono da sempre la cifra distintiva di Caff\u00e8 Vergnano e si traducono in tutte le azioni quotidiane, grandi e piccole, intraprese dal brand: dalle capsule compostabili compatibili, ai processi di riciclo e di riduzione degli sprechi oltre al recupero dei rifiuti.<\/p>\n\n\n\n<p>In ambito etico, Women in Coffee&nbsp;\u00e8 sicuramente il progetto che meglio racconta l\u2019impegno&nbsp;di Caff\u00e8 Vergnano. Nato nel 2018 per sostenere piccole realt\u00e0 di donne coltivatrici di caff\u00e8, il progetto \u00e8 in continua evoluzione ed ambisce a supportare iniziative concrete che parlano di empowerment, inclusione e rispetto al femminile.<\/p>\n\n\n\n<p>Altro valore chiave del brand \u00e8 la cultura, intesa come processo di crescita e miglioramento continuo.\u00a0Per questo \u00e8 nata l\u2019Accademia Vergnano,\u00a0istituita nell\u2019antica casa di famiglia\u00a0a Chieri, dove vengono organizzati corsi teorici e pratici per i baristi che vogliono imparare tutti i segreti del mondo del caff\u00e8 e approfondire le loro competenze.<\/p>\n\n\n\n<p>Con il 2021, arriva la partnership strategica con Coca-Cola HBC per la distribuzione esclusiva dei prodotti di Caff\u00e8 Vergnano nei territori di Coca-Cola HBC, con\u00a0l\u2019esclusione dell\u2019Italia.\u00a0L\u2019accordo rappresenta un'importante opportunit\u00e0 di crescita internazionale e di sviluppo del\u00a0business export attraverso un rafforzamento della propria presenza, oltre i confini italiani.<\/p>\n\n\n\n<p>Giunto oggi ai suoi primi 140 anni, Caff\u00e8 Vergnano continua ad affrontare nuove sfide che lo porteranno a scrivere nuovi capitoli di un libro che racconter\u00e0 molto di questa famiglia, della sua passione per il caff\u00e8 e dei suoi grandi sogni.<\/p>\n\n\n\n<p>Il 2021, nonostante le difficolt\u00e0 affrontate, si \u00e8 chiuso con un fatturato totale di 92mil di euro, andando quasi a pareggiare il 2019.\u00a0Nel dettaglio l\u2019export\u00a0ha chiuso a 22,4mil di euro, il retail a 37,6mil, il comparto Horeca a 29,4mil e il vending a 2,6mil di euro. Un risultato ambizioso in un contesto ancora delicato ed incerto.<\/p>\n\n\n\n<p>Il nuovo anno sar\u00e0 un intero anno di celebrazioni, eventi, sorprese e regali per i nostri consumatori. Ci sar\u00e0 una limited edition di prodotti iconici&nbsp;dell\u2019azienda che per l\u2019occasione&nbsp;si vestiranno&nbsp;d\u2019oro, oltre ad una reinterpretazione del coccio in terracotta toscana, storico regalo di Natale.<\/p>\n\n\n\n<p>Caff\u00e8 Vergnano compir\u00e0 inoltre un viaggio&nbsp;lungo l\u2019Italia durante il quale porter\u00e0 il vero espresso italiano vicino ad amici, partner e consumatori.<\/p>\n\n\n\n<p>\u201cSiamo\u00a0\u201cvecchi\u201d\u00a0ma non ci siamo mai sentiti pi\u00f9 giovani\", dice Carolina Vergnano - CEO di Caff\u00e8 Vergnano. \"Abbiamo tante idee, energia positiva, ottimi partner ad affiancarci, ma soprattutto tanti amici che ogni giorno dimostrano amore per la nostra famiglia ed il nostro marchio. Sar\u00e0 un anno da celebrare e ricordare perch\u00e9 tante cose succederanno e tutte saranno ispirate dai valori in cui da 140 anni crediamo, da quei sentimenti che arricchiscono i nostri sogni e li fanno diventare realt\u00e0. Il nostro sguardo \u00e8 e sar\u00e0 sempre rivolto al futuro perch\u00e9 il domani \u00e8 ancora tutto da costruire\u00a0assieme.\u201d\u00a0<\/p>\n","protected":false},"excerpt":{"rendered":"<p>Questa \u00e8 la storia di una famiglia piemontese, delle sue quattro generazioni e delle sue intuizioni pi\u00f9 felici, passate attraverso 140 anni ed una tazzina di caff\u00e8 come costante che attraversa il tempo. La storia di Caff\u00e8 Vergnano parte nel 1882 da una piccola drogheria voluta e sognata da Domenico Vergnano dove la passione per [&hellip;]<\/p>\n","protected":false},"author":7,"featured_media":17181,"comment_status":"open","ping_status":"open","sticky":false,"template":"","format":"standard","meta":{"_acf_changed":false,"_monsterinsights_skip_tracking":false,"_monsterinsights_sitenote_active":false,"_monsterinsights_sitenote_note":"","_monsterinsights_sitenote_category":0,"footnotes":""},"categories":[296],"tags":[],"class_list":["post-17180","post","type-post","status-publish","format-standard","has-post-thumbnail","hentry","category-vetrina"],"acf":[],"_links":{"self":[{"href":"https:\/\/shopinthecity.it\/torino\/wp-json\/wp\/v2\/posts\/17180","targetHints":{"allow":["GET"]}}],"collection":[{"href":"https:\/\/shopinthecity.it\/torino\/wp-json\/wp\/v2\/posts"}],"about":[{"href":"https:\/\/shopinthecity.it\/torino\/wp-json\/wp\/v2\/types\/post"}],"author":[{"embeddable":true,"href":"https:\/\/shopinthecity.it\/torino\/wp-json\/wp\/v2\/users\/7"}],"replies":[{"embeddable":true,"href":"https:\/\/shopinthecity.it\/torino\/wp-json\/wp\/v2\/comments?post=17180"}],"version-history":[{"count":0,"href":"https:\/\/shopinthecity.it\/torino\/wp-json\/wp\/v2\/posts\/17180\/revisions"}],"wp:featuredmedia":[{"embeddable":true,"href":"https:\/\/shopinthecity.it\/torino\/wp-json\/wp\/v2\/media\/17181"}],"wp:attachment":[{"href":"https:\/\/shopinthecity.it\/torino\/wp-json\/wp\/v2\/media?parent=17180"}],"wp:term":[{"taxonomy":"category","embeddable":true,"href":"https:\/\/shopinthecity.it\/torino\/wp-json\/wp\/v2\/categories?post=17180"},{"taxonomy":"post_tag","embeddable":true,"href":"https:\/\/shopinthecity.it\/torino\/wp-json\/wp\/v2\/tags?post=17180"}],"curies":[{"name":"wp","href":"https:\/\/api.w.org\/{rel}","templated":true}]}}