{"id":17298,"date":"2022-03-01T14:56:35","date_gmt":"2022-03-01T13:56:35","guid":{"rendered":"https:\/\/shopinthecity.it\/torino\/?p=17298"},"modified":"2022-03-01T14:56:44","modified_gmt":"2022-03-01T13:56:44","slug":"qc-terme-apre-a-new-york","status":"publish","type":"post","link":"https:\/\/shopinthecity.it\/torino\/qc-terme-apre-a-new-york\/","title":{"rendered":"QC Terme apre a New York"},"content":{"rendered":"\n<p>Da Torino a New York:<strong> apre nella Grende Mela QCNY,<\/strong> l\u2019ultima struttura in ordine di tempo di <strong>QC Terme<\/strong>, gruppo italiano leader nel settore del wellness e la prima assoluta in Nord America. <\/p>\n\n\n\n<p>La nuovissima struttura del gruppo fondato dai fratelli Andrea e Saverio Quadrio Curzio, non \u00e8 solo l\u2019indice di vitalit\u00e0 di un\u2019impresa che ha attraversato coraggiosamente e con successo le difficolt\u00e0 di una pandemia che ha colpito, pi\u00f9 di altri settori, il turismo del benessere e l\u2019experience economy, ma rappresenta una delle grandi novit\u00e0 della rinascita primaverile della Grande Mela.\u00a0<\/p>\n\n\n\n<p><em>\u201cChe la nostra prima apertura nordamericana sia da molti osservatori newyorkesi vista come una delle novit\u00e0 della rinascita postpandemica della metropoli ci inorgoglisce; innanzitutto come impresa italiana che opera nel benessere e nella cura di s\u00e8 \u2013 e quanto mai ce n\u2019\u00e8 bisogno in questo periodo comunque ancora difficile \u2013 e poi perch\u00e8 abbiamo voluto pensare che tutta l\u2019experience di QCNY si caratterizzi anche come una sorta di hub delle eccellenze del Bel Paese, un trionfo di italianit\u00e0, bella e positiva, ideato e realizzato da Alessandro Bolis, il nostro art director.\u201d\u00a0<\/em>\u2013 dice\u00a0<strong>Andrea Quadrio Curzio<\/strong>, CEO e fondatore di QC Terme \u2013\u00a0<em>\u201cLa nostra mission \u00e8 da sempre quella di diventare portatori di benessere nel mondo e oggi si realizza in uno dei luoghi pi\u00f9 attrattivi del pianeta; per la nostra impresa \u00e8 un passo straordinario ma credo sia un segnale positivo e di fiducia per tutta quella parte di imprenditoria italiana che non si ferma, innova e cerca di aprirsi nuove strade vincenti.\u201d\u00a0<\/em><br><\/p>\n\n\n\n<p>L\u2019idea di una apertura a New York \u00e8 da tempo nelle corde di QC Terme.\u00a0<em>\u201cAbbiamo iniziato a pensarci quando muovevamo i primi passi, come impresa del benessere e dell\u2019ospitalit\u00e0, al di fuori dei Bagni di Bormio che avevamo ristrutturato e riaperto, in particolare dopo aver visto i risultati straordinari e l\u2019entusiasmo suscitato dall\u2019apertura di QC Terme a Milano.\u201d\u00a0<\/em>\u2013 racconta\u00a0<strong>Saverio Quadrio Curzio<\/strong>, Chairman del gruppo per il quale cura lo sviluppo e la crescita -\u00a0<em>\u201cSe all\u2019epoca poteva sembrare solo il classico sogno americano della nostra avventura da poco iniziata, oggi - a quasi 25 anni dalla nascita di QC Terme - \u00e8 un punto cruciale del nostro cammino, da qui si aprono strade che ci porteranno a crescere e svilupparci non solo in Nord America ma anche in Italia e in altre parti d\u2019Europa.\u201d\u00a0<\/em><\/p>\n","protected":false},"excerpt":{"rendered":"<p>Da Torino a New York: apre nella Grende Mela QCNY, l\u2019ultima struttura in ordine di tempo di QC Terme, gruppo italiano leader nel settore del wellness e la prima assoluta in Nord America. La nuovissima struttura del gruppo fondato dai fratelli Andrea e Saverio Quadrio Curzio, non \u00e8 solo l\u2019indice di vitalit\u00e0 di un\u2019impresa che [&hellip;]<\/p>\n","protected":false},"author":7,"featured_media":17299,"comment_status":"open","ping_status":"open","sticky":false,"template":"","format":"standard","meta":{"_acf_changed":false,"_monsterinsights_skip_tracking":false,"_monsterinsights_sitenote_active":false,"_monsterinsights_sitenote_note":"","_monsterinsights_sitenote_category":0,"footnotes":""},"categories":[296],"tags":[],"class_list":["post-17298","post","type-post","status-publish","format-standard","has-post-thumbnail","hentry","category-vetrina"],"acf":[],"_links":{"self":[{"href":"https:\/\/shopinthecity.it\/torino\/wp-json\/wp\/v2\/posts\/17298","targetHints":{"allow":["GET"]}}],"collection":[{"href":"https:\/\/shopinthecity.it\/torino\/wp-json\/wp\/v2\/posts"}],"about":[{"href":"https:\/\/shopinthecity.it\/torino\/wp-json\/wp\/v2\/types\/post"}],"author":[{"embeddable":true,"href":"https:\/\/shopinthecity.it\/torino\/wp-json\/wp\/v2\/users\/7"}],"replies":[{"embeddable":true,"href":"https:\/\/shopinthecity.it\/torino\/wp-json\/wp\/v2\/comments?post=17298"}],"version-history":[{"count":0,"href":"https:\/\/shopinthecity.it\/torino\/wp-json\/wp\/v2\/posts\/17298\/revisions"}],"wp:featuredmedia":[{"embeddable":true,"href":"https:\/\/shopinthecity.it\/torino\/wp-json\/wp\/v2\/media\/17299"}],"wp:attachment":[{"href":"https:\/\/shopinthecity.it\/torino\/wp-json\/wp\/v2\/media?parent=17298"}],"wp:term":[{"taxonomy":"category","embeddable":true,"href":"https:\/\/shopinthecity.it\/torino\/wp-json\/wp\/v2\/categories?post=17298"},{"taxonomy":"post_tag","embeddable":true,"href":"https:\/\/shopinthecity.it\/torino\/wp-json\/wp\/v2\/tags?post=17298"}],"curies":[{"name":"wp","href":"https:\/\/api.w.org\/{rel}","templated":true}]}}