{"id":17302,"date":"2022-03-02T11:34:20","date_gmt":"2022-03-02T10:34:20","guid":{"rendered":"https:\/\/shopinthecity.it\/torino\/?p=17302"},"modified":"2022-03-02T11:34:29","modified_gmt":"2022-03-02T10:34:29","slug":"vergnano-lancia-la-pink-collection-per-la-festa-della-donna","status":"publish","type":"post","link":"https:\/\/shopinthecity.it\/torino\/vergnano-lancia-la-pink-collection-per-la-festa-della-donna\/","title":{"rendered":"Vergnano lancia la Pink Collection per la festa della donna"},"content":{"rendered":"\n<p>Women in Coffee,\u00a0il sogno di sostenibilit\u00e0 sociale di Caff\u00e8 Vergnano, celebra con la sua Pink Collection tutte le donne in ogni parte del mondo e lo fa anche, e soprattutto, in occasione dell\u20198 marzo \u2013\u00a0Giornata Internazionale della Donna.<\/p>\n\n\n\n<p>Nato nel 2018 da un\u2019idea di Carolina Vergnano, CEO dell\u2019azienda,\u00a0in collaborazione con\u00a0l\u2019International Women in Coffee Alliance, Women in Coffee \u00e8 ora un vero e proprio contenitore che parla di empowerment femminile schierandosi a fianco delle donne, contro\u00a0ogni forma di violenza e a favore dell\u2019educazione, come base per rafforzare consapevolezza ed indipendenza e come strumento di emancipazione.<\/p>\n\n\n\n<p>A supporto di questo progetto, sempre pi\u00f9&nbsp;centrale per l\u2019azienda,&nbsp;la creazione di una Pink Collection, composta da: set di tazzine, moka, lattina di caff\u00e8 100% arabica, mug, keep cup,&nbsp;profumo \u201cWomen in Coffee\u201d, charm e t-shirt, insieme ad una collaborazione speciale che include macchine da caff\u00e8 Sanremo Cube e Faema.<\/p>\n\n\n\n<p>La collezione, di cui una parte del ricavato \u00e8 destinato a supportare i diversi progetti in cui Women in Coffee crede fortemente e che, giorno dopo giorno, porta avanti con costanza e&nbsp;tanta speranza, \u00e8 in vendita sull\u2019e-shop di Caff\u00e8 Vergnano.<br>Inoltre, in occasione dell\u20198 marzo sar\u00e0 disponibile anche&nbsp;presso Green Pea a Torino, il primo Green Retail Park al mondo dedicato al tema del rispetto e della sostenibilit\u00e0, all\u2019interno&nbsp;del settore Home.<\/p>\n\n\n\n<p>Una gamma di prodotti\u00a0\u201cche si vestono di rosa\u201d\u00a0per lanciare un messaggio:<br>\u201cNoi accanto alle donne\u201d, a\u00a0testimonianza dell\u2019impegno aziendale\u00a0concreto verso il mondo femminile e\u00a0all\u2019insegna di un mind-set eticamente sostenibile che \u00e8, ormai da 140 anni, la cifra distintiva di Caff\u00e8 Vergnano.<\/p>\n\n\n\n<p>\"Ogni scelta all\u2019interno della nostra azienda \u00e8 presa con piena consapevolezza dei valori\u00a0profondi che stanno alla base del suo essere, con l\u2019obiettivo\u00a0di raggiungere importanti conquiste e nuovi traguardi, ambiziosi ed inclusivi. Per me il vero empowerment si raggiunge coltivando il talento di ciascuno di noi perch\u00e9 dalla diversit\u00e0 pu\u00f2 nascere bellezza, ne sono fortemente convinta, ed \u00e8 quello che tutti i giorni cerco di fare nel mio piccolo, in azienda e con il mio\u00a0team\u201d Carolina Vergnano \u2013\u00a0CEO di Caff\u00e8 Vergnano.<\/p>\n","protected":false},"excerpt":{"rendered":"<p>Women in Coffee,\u00a0il sogno di sostenibilit\u00e0 sociale di Caff\u00e8 Vergnano, celebra con la sua Pink Collection tutte le donne in ogni parte del mondo e lo fa anche, e soprattutto, in occasione dell\u20198 marzo \u2013\u00a0Giornata Internazionale della Donna. Nato nel 2018 da un\u2019idea di Carolina Vergnano, CEO dell\u2019azienda,\u00a0in collaborazione con\u00a0l\u2019International Women in Coffee Alliance, Women [&hellip;]<\/p>\n","protected":false},"author":7,"featured_media":17303,"comment_status":"open","ping_status":"open","sticky":false,"template":"","format":"standard","meta":{"_acf_changed":false,"_monsterinsights_skip_tracking":false,"_monsterinsights_sitenote_active":false,"_monsterinsights_sitenote_note":"","_monsterinsights_sitenote_category":0,"footnotes":""},"categories":[296],"tags":[],"class_list":["post-17302","post","type-post","status-publish","format-standard","has-post-thumbnail","hentry","category-vetrina"],"acf":[],"_links":{"self":[{"href":"https:\/\/shopinthecity.it\/torino\/wp-json\/wp\/v2\/posts\/17302","targetHints":{"allow":["GET"]}}],"collection":[{"href":"https:\/\/shopinthecity.it\/torino\/wp-json\/wp\/v2\/posts"}],"about":[{"href":"https:\/\/shopinthecity.it\/torino\/wp-json\/wp\/v2\/types\/post"}],"author":[{"embeddable":true,"href":"https:\/\/shopinthecity.it\/torino\/wp-json\/wp\/v2\/users\/7"}],"replies":[{"embeddable":true,"href":"https:\/\/shopinthecity.it\/torino\/wp-json\/wp\/v2\/comments?post=17302"}],"version-history":[{"count":0,"href":"https:\/\/shopinthecity.it\/torino\/wp-json\/wp\/v2\/posts\/17302\/revisions"}],"wp:featuredmedia":[{"embeddable":true,"href":"https:\/\/shopinthecity.it\/torino\/wp-json\/wp\/v2\/media\/17303"}],"wp:attachment":[{"href":"https:\/\/shopinthecity.it\/torino\/wp-json\/wp\/v2\/media?parent=17302"}],"wp:term":[{"taxonomy":"category","embeddable":true,"href":"https:\/\/shopinthecity.it\/torino\/wp-json\/wp\/v2\/categories?post=17302"},{"taxonomy":"post_tag","embeddable":true,"href":"https:\/\/shopinthecity.it\/torino\/wp-json\/wp\/v2\/tags?post=17302"}],"curies":[{"name":"wp","href":"https:\/\/api.w.org\/{rel}","templated":true}]}}