{"id":17645,"date":"2022-05-24T13:17:57","date_gmt":"2022-05-24T11:17:57","guid":{"rendered":"https:\/\/shopinthecity.it\/torino\/?p=17645"},"modified":"2022-05-24T13:18:18","modified_gmt":"2022-05-24T11:18:18","slug":"letizia-turco-rappresentera-il-piemonte-alle-finali-di-miss-mondo","status":"publish","type":"post","link":"https:\/\/shopinthecity.it\/torino\/letizia-turco-rappresentera-il-piemonte-alle-finali-di-miss-mondo\/","title":{"rendered":"Letizia Turco rappresenter\u00e0 il Piemonte alle finali di Miss Mondo"},"content":{"rendered":"\n<p><strong><em> <\/em><\/strong><\/p>\n\n\n\n<p>Domenica 22 maggio si \u00e8 conclusa la finalissima Interregionale di Miss Mondo Piemonte Liguria e Valle D\u2019Aosta, tenutasi all\u2019interno del prestigioso Palazzo Pralormo di Torino. Una serata di grande stile dove 24 ragazze bellissime si sono contese la vittoria. Il Patron Domenico Barbano responsabile da cinque anni del concorso, nonch\u00e9 fondatore di Hoas-History of Style, si dichiara \u201c<em>molto soddisfatto della kermesse<\/em>\u201d.<\/p>\n\n\n\n<p>Vince il titolo di Miss Mondo Piemonte a soli 17 anni la bellissima <strong>Letizia Turco<\/strong> studentessa del Liceo Coreutico Teatrale Germana Erba al Teatro Nuovo di Torino e allieva dell\u2019Accademia CDH Cinema District Hub di Moda e Cinema ormai conosciuta per scoprire nuovi volti della televisione, cinema e moda. Letizia suona il pianoforte da tanti anni e ama la moda, danza e recita, ha sfilata con i grande brand della moda a Hoas Torino per la prima volta ed ora il suo pi\u00f9 grande desiderio \u00e8 quello di coronare il suo sogno di diventare top model e attrice.<\/p>\n\n\n\n<p>La bella <strong>Rebecca Arnone<\/strong> \u00e8 Miss Mondo Valle D\u2019Aosta 20 anni.<\/p>\n\n\n\n<p><strong>Melissa Yucel<\/strong>, 24 anni \u00e8 Miss Mondo Liguria.<\/p>\n\n\n\n<p>Il primo giugno le ragazze partiranno alla volta di Gallipoli dove si terranno le fasi finali del concorso nazionale al quale accedono in tutto 120 ragazze da ogni parte d\u2019Italia. I primi tre giorni ci sar\u00e0 la pre selezione, quindi ne rimarranno 50 e, successivamente, 25. Queste ultime accederanno alla finalissima del 18 giugno.<\/p>\n\n\n\n<p>Miss Mondo nasce in <strong>Gran Bretagna<\/strong> nel <strong>1951<\/strong> fondato da <strong>Eric Morley<\/strong>, scomparso nel 2000, e oggi passato nelle mani della moglie Julia. Insieme a Miss Mondo, Miss International e Miss Universo \u00e8 tra i concorsi pi\u00f9 pubblicizzati del pianeta. Messi insieme formano il <strong>Big Four International Beauty Pageants<\/strong>.<\/p>\n\n\n\n<p><strong>Le dichiarazioni delle ragazze<\/strong>:<\/p>\n\n\n\n<p>\u201c<em>Mi chiamo Letizia Turco ho 17 anni e vengo da Torino. La mia pi\u00f9 grande passione \u00e8 la recitazione ed \u00e8 per questo che frequento un liceo coreutico-teatrale presso il teatro nuovo di Torino, dove oltre a recitare, danzo e canto, il mio sogno nel cassetto \u00e8 quello di diventare un\u2019attrice ma sono molto appassionata anche al mondo della moda e vorrei farne parte perch\u00e9 adoro sfilare. Aver vinto Miss Mondo Piemonte per me \u00e8 un enorme traguardo che significa molto; sono onorata di rappresentare la mia regione all\u2019interno di un concorso nazionale. Non vedo l\u2019ora di arrivare a Gallipoli e di dare il meglio di me come ho sempre fatto<\/em>\u201d.<\/p>\n\n\n\n<p>\u201c<em>Mi chiamo Rebecca Arnone Ho 19 anni e vengo da Torino.\u00a0 Frequento il primo anno della Facolt\u00e0 di Scienze Biologiche e lavoro come modella.\u00a0 Amo leggere, dipingere e scrivere. Aver vinto il titolo di Miss Mondo Valle D\u2019Aosta mi ha dato la carica per affrontare con lo spirito giusto tutte le prove che si presenteranno durante il mio percorso a Gallipoli. Spero di riuscire a perseguire gli obiettivi che mi sono prefissata e di poter cogliere tutto ci\u00f2 che d\u00ec positivo quest\u2019esperienza ha da offrirmi<\/em>\u201d.<\/p>\n\n\n\n\n\n<p>\u201c<em>Sono Melissa Yucel ho 24 anni e vengo da Imperia. Studio Moda alla Sapienza.\u00a0 Fin da piccola sono sempre stata appassionata di moda, uno dei miei grandi sogni \u00e8 quello di poter diventare una modella; ma anche quello di poter creare un mio brand un giorno. Nel mio tempo libero mi alleno e sono appassionata di trekking in montagna<\/em>\u201d.<\/p>\n\n\n\n<figure class=\"wp-block-image size-large\"><img loading=\"lazy\" decoding=\"async\" width=\"819\" height=\"1024\" src=\"https:\/\/shopinthecity.it\/torino\/wp-content\/uploads\/sites\/2\/2022\/05\/miss-mondo-liguria-819x1024.jpg\" alt=\"\" class=\"wp-image-17647\" srcset=\"https:\/\/shopinthecity.it\/torino\/wp-content\/uploads\/sites\/2\/2022\/05\/miss-mondo-liguria-819x1024.jpg 819w, https:\/\/shopinthecity.it\/torino\/wp-content\/uploads\/sites\/2\/2022\/05\/miss-mondo-liguria-240x300.jpg 240w, https:\/\/shopinthecity.it\/torino\/wp-content\/uploads\/sites\/2\/2022\/05\/miss-mondo-liguria-768x961.jpg 768w, https:\/\/shopinthecity.it\/torino\/wp-content\/uploads\/sites\/2\/2022\/05\/miss-mondo-liguria-1228x1536.jpg 1228w, https:\/\/shopinthecity.it\/torino\/wp-content\/uploads\/sites\/2\/2022\/05\/miss-mondo-liguria.jpg 1279w\" sizes=\"auto, (max-width: 819px) 100vw, 819px\" \/><\/figure>\n","protected":false},"excerpt":{"rendered":"<p>Domenica 22 maggio si \u00e8 conclusa la finalissima Interregionale di Miss Mondo Piemonte Liguria e Valle D\u2019Aosta, tenutasi all\u2019interno del prestigioso Palazzo Pralormo di Torino. Una serata di grande stile dove 24 ragazze bellissime si sono contese la vittoria. Il Patron Domenico Barbano responsabile da cinque anni del concorso, nonch\u00e9 fondatore di Hoas-History of Style, [&hellip;]<\/p>\n","protected":false},"author":7,"featured_media":17646,"comment_status":"open","ping_status":"open","sticky":false,"template":"","format":"standard","meta":{"_acf_changed":false,"_monsterinsights_skip_tracking":false,"_monsterinsights_sitenote_active":false,"_monsterinsights_sitenote_note":"","_monsterinsights_sitenote_category":0,"footnotes":""},"categories":[85],"tags":[],"class_list":["post-17645","post","type-post","status-publish","format-standard","has-post-thumbnail","hentry","category-people"],"acf":[],"_links":{"self":[{"href":"https:\/\/shopinthecity.it\/torino\/wp-json\/wp\/v2\/posts\/17645","targetHints":{"allow":["GET"]}}],"collection":[{"href":"https:\/\/shopinthecity.it\/torino\/wp-json\/wp\/v2\/posts"}],"about":[{"href":"https:\/\/shopinthecity.it\/torino\/wp-json\/wp\/v2\/types\/post"}],"author":[{"embeddable":true,"href":"https:\/\/shopinthecity.it\/torino\/wp-json\/wp\/v2\/users\/7"}],"replies":[{"embeddable":true,"href":"https:\/\/shopinthecity.it\/torino\/wp-json\/wp\/v2\/comments?post=17645"}],"version-history":[{"count":0,"href":"https:\/\/shopinthecity.it\/torino\/wp-json\/wp\/v2\/posts\/17645\/revisions"}],"wp:featuredmedia":[{"embeddable":true,"href":"https:\/\/shopinthecity.it\/torino\/wp-json\/wp\/v2\/media\/17646"}],"wp:attachment":[{"href":"https:\/\/shopinthecity.it\/torino\/wp-json\/wp\/v2\/media?parent=17645"}],"wp:term":[{"taxonomy":"category","embeddable":true,"href":"https:\/\/shopinthecity.it\/torino\/wp-json\/wp\/v2\/categories?post=17645"},{"taxonomy":"post_tag","embeddable":true,"href":"https:\/\/shopinthecity.it\/torino\/wp-json\/wp\/v2\/tags?post=17645"}],"curies":[{"name":"wp","href":"https:\/\/api.w.org\/{rel}","templated":true}]}}