{"id":17838,"date":"2022-09-27T10:49:38","date_gmt":"2022-09-27T08:49:38","guid":{"rendered":"https:\/\/shopinthecity.it\/torino\/?p=17838"},"modified":"2022-09-27T10:49:40","modified_gmt":"2022-09-27T08:49:40","slug":"ventanni-della-galleria-elena-salamon","status":"publish","type":"post","link":"https:\/\/shopinthecity.it\/torino\/ventanni-della-galleria-elena-salamon\/","title":{"rendered":"Vent'anni della Galleria Elena Salamon"},"content":{"rendered":"\n<p><strong>La Galleria Elena Salamon Arte Moderna<\/strong>&nbsp;(piazza IV Marzo) quest\u2019anno&nbsp;<strong>festeggia 20 anni di&nbsp; attivit\u00e0.&nbsp;<\/strong><\/p>\n\n\n\n<p>L\u2019avvicinarsi del compleanno permette alla gallerista di ripercorrere le tappe che hanno scandito la crescita della galleria dal 2002 a oggi.<\/p>\n\n\n\n<p>Nipote e figlia d\u2019arte, Elena Salamon \u00e8 cresciuta respirando opere, fiere, mostre e artisti. A partire dagli anni Cinquanta i nonni aprono la prima &nbsp;galleria di stampe, negli anni a seguire allestiscono mostre di Mantegna, D\u00fcrer, Hokusai, Toulouse Lautrec e molti altri maestri.<\/p>\n\n\n\n<p>Nei primi anni Settanta i figli Gian Alvise, Silverio e Harry aprono tre &nbsp;&nbsp;&nbsp;gallerie &nbsp;indipendenti. L\u2019odore della carta lo respira fin da piccola nello spazio espositivo della nonna dove impara a fare i&nbsp;<em>passepartout<\/em>. \u00c8 grazie a lei, una signora dai &nbsp;modi gentili e garbati, che impara l\u2019amore per le \u201cpiccole cose belle<em>\u201d<\/em>. Al contempo \u00e8 per merito del padre, durante i suoi ultimi anni di vita, che \u2018impara a comprare\u2019 le opere, riconoscere la veridicit\u00e0 e a stimarne il valore.&nbsp;<\/p>\n\n\n\n<p>Nel 2002, dopo la morte del padre, Salamon decide di aprire una piccola galleria. Le \u00e8 presto chiaro che il colore dovr\u00e0 essere l\u2019essenza del suo spazio creativo.&nbsp;&nbsp;<\/p>\n\n\n\n<p>I lavori che tutt\u2019oggi espone, infatti, trasmettono sentimenti positivi di leggerezza e&nbsp;<em>joie de vivre<\/em>, oltre a essere originali e di qualit\u00e0.&nbsp;Si specializza in stampe originali del Novecento e in stampe giapponesi del periodo Ukiyo-e e Shin Hanga,&nbsp;con qualche escursione nell\u2019arte antica.<\/p>\n\n\n\n<p>In questi vent\u2019anni Elena Salamon allestisce diverse mostre monografiche sia su artisti del Novecento quali Matisse, Mir\u00f2, Chagall, Warhol, Calder, Picasso, Braque,&nbsp; Delaunay sia su maestri giapponesi come Hokusai, Hiroshige, Utamaro, Hasui, oltre a qualche rassegna collettiva a tema sugli Impressionisti e sull\u2019Arte astratta.&nbsp;La festa per celebrare l\u2019anniversario della Galleria si terr\u00e0&nbsp;<strong>gioved\u00ec 29 settembre dalle ore 18.00.<\/strong><\/p>\n\n\n\n<p><strong>Orari di apertura galleria:&nbsp;<\/strong>Marted\u00ec, mercoled\u00ec e venerd\u00ec dalle ore 15 alle ore 19 Gioved\u00ec e sabato dalle ore 10.30 alle ore 19 (orario continuato)<\/p>\n","protected":false},"excerpt":{"rendered":"<p>La Galleria Elena Salamon Arte Moderna&nbsp;(piazza IV Marzo) quest\u2019anno&nbsp;festeggia 20 anni di&nbsp; attivit\u00e0.&nbsp; L\u2019avvicinarsi del compleanno permette alla gallerista di ripercorrere le tappe che hanno scandito la crescita della galleria dal 2002 a oggi. Nipote e figlia d\u2019arte, Elena Salamon \u00e8 cresciuta respirando opere, fiere, mostre e artisti. A partire dagli anni Cinquanta i nonni [&hellip;]<\/p>\n","protected":false},"author":7,"featured_media":17839,"comment_status":"open","ping_status":"open","sticky":false,"template":"","format":"standard","meta":{"_acf_changed":false,"_monsterinsights_skip_tracking":false,"_monsterinsights_sitenote_active":false,"_monsterinsights_sitenote_note":"","_monsterinsights_sitenote_category":0,"footnotes":""},"categories":[296],"tags":[],"class_list":["post-17838","post","type-post","status-publish","format-standard","has-post-thumbnail","hentry","category-vetrina"],"acf":[],"_links":{"self":[{"href":"https:\/\/shopinthecity.it\/torino\/wp-json\/wp\/v2\/posts\/17838","targetHints":{"allow":["GET"]}}],"collection":[{"href":"https:\/\/shopinthecity.it\/torino\/wp-json\/wp\/v2\/posts"}],"about":[{"href":"https:\/\/shopinthecity.it\/torino\/wp-json\/wp\/v2\/types\/post"}],"author":[{"embeddable":true,"href":"https:\/\/shopinthecity.it\/torino\/wp-json\/wp\/v2\/users\/7"}],"replies":[{"embeddable":true,"href":"https:\/\/shopinthecity.it\/torino\/wp-json\/wp\/v2\/comments?post=17838"}],"version-history":[{"count":0,"href":"https:\/\/shopinthecity.it\/torino\/wp-json\/wp\/v2\/posts\/17838\/revisions"}],"wp:featuredmedia":[{"embeddable":true,"href":"https:\/\/shopinthecity.it\/torino\/wp-json\/wp\/v2\/media\/17839"}],"wp:attachment":[{"href":"https:\/\/shopinthecity.it\/torino\/wp-json\/wp\/v2\/media?parent=17838"}],"wp:term":[{"taxonomy":"category","embeddable":true,"href":"https:\/\/shopinthecity.it\/torino\/wp-json\/wp\/v2\/categories?post=17838"},{"taxonomy":"post_tag","embeddable":true,"href":"https:\/\/shopinthecity.it\/torino\/wp-json\/wp\/v2\/tags?post=17838"}],"curies":[{"name":"wp","href":"https:\/\/api.w.org\/{rel}","templated":true}]}}