{"id":17972,"date":"2022-11-17T14:54:14","date_gmt":"2022-11-17T13:54:14","guid":{"rendered":"https:\/\/shopinthecity.it\/torino\/?p=17972"},"modified":"2022-11-17T14:54:16","modified_gmt":"2022-11-17T13:54:16","slug":"assisi-pax-international-premia-il-magico-paese-di-natale-2022","status":"publish","type":"post","link":"https:\/\/shopinthecity.it\/torino\/assisi-pax-international-premia-il-magico-paese-di-natale-2022\/","title":{"rendered":"Assisi Pax International premia Il Magico Paese di Natale 2022"},"content":{"rendered":"\n<p>\u00c8 stato un emozionatissimo <strong>Pier Paolo Guelfo<\/strong> a ritirare il premio che la prestigiosa organizzazione <strong>Assisi Pax International<\/strong> ha voluto riconoscere al <strong>Magico Paese di Natale 2022<\/strong>.&nbsp;<\/p>\n\n\n\n<p>L'ideatore dell'evento natalizio piemontese ha ritirato un attestato firmato da <strong>Padre GianMaria Polidoro, fondatore dell'associazione che promuove progetti di pace e dal presidente Gerardo Navazio<\/strong>, che gli hanno conferito il premio \"per l'etica e lo spirito solidale che contraddistinguono l'impegno nella promozione del territorio e nella produzione vitivinicola, oltre che nel settore turistico e delle tradizioni locali che richiamano molti visitatori da ogni parte alla manifestazione \"Magico Paese di Natale\"\".&nbsp;<\/p>\n\n\n\n<p>Il momento ufficiale dell'assegnazione del premio \u00e8 avvenuto all'interno del Castello Reale di Govone, dove il prossimo weekend ci sar\u00e0 l'inaugurazione della seconda parte della manifestazione, dopo la partenza di successo dei mercatini nella citt\u00e0 di Asti.&nbsp;<\/p>\n\n\n\n<p>\"Sono davvero onorato di ritirare questo riconoscimento\", <strong>ha commentato Pier Paolo Guelfo<\/strong>. \"Il mio sogno con il Magico Paese di Natale \u00e8 sempre stato quello di diffondere la magia del Natale, fatta di concetti preziosi come la bont\u00e0, la felicit\u00e0 e anche la pace. Per questo mi commuove lo spirito con cui Assisi Pax International ha saputo interpretare queste intenzioni\".&nbsp;<\/p>\n\n\n\n<p><strong>Il Magico Paese di Natale 2022: informazioni pratiche<\/strong><\/p>\n\n\n\n<p>Magico Paese di Natale &nbsp;<\/p>\n\n\n\n<p>12 novembre \u2013 18 dicembre | <a href=\"http:\/\/www.magicopaesedinatale.com\" target=\"_blank\" rel=\"noopener\">www.magicopaesedinatale.com<\/a><\/p>\n","protected":false},"excerpt":{"rendered":"<p>\u00c8 stato un emozionatissimo Pier Paolo Guelfo a ritirare il premio che la prestigiosa organizzazione Assisi Pax International ha voluto riconoscere al Magico Paese di Natale 2022.&nbsp; L'ideatore dell'evento natalizio piemontese ha ritirato un attestato firmato da Padre GianMaria Polidoro, fondatore dell'associazione che promuove progetti di pace e dal presidente Gerardo Navazio, che gli hanno [&hellip;]<\/p>\n","protected":false},"author":7,"featured_media":17973,"comment_status":"open","ping_status":"open","sticky":false,"template":"","format":"standard","meta":{"_acf_changed":false,"_monsterinsights_skip_tracking":false,"_monsterinsights_sitenote_active":false,"_monsterinsights_sitenote_note":"","_monsterinsights_sitenote_category":0,"footnotes":""},"categories":[85],"tags":[],"class_list":["post-17972","post","type-post","status-publish","format-standard","has-post-thumbnail","hentry","category-people"],"acf":[],"_links":{"self":[{"href":"https:\/\/shopinthecity.it\/torino\/wp-json\/wp\/v2\/posts\/17972","targetHints":{"allow":["GET"]}}],"collection":[{"href":"https:\/\/shopinthecity.it\/torino\/wp-json\/wp\/v2\/posts"}],"about":[{"href":"https:\/\/shopinthecity.it\/torino\/wp-json\/wp\/v2\/types\/post"}],"author":[{"embeddable":true,"href":"https:\/\/shopinthecity.it\/torino\/wp-json\/wp\/v2\/users\/7"}],"replies":[{"embeddable":true,"href":"https:\/\/shopinthecity.it\/torino\/wp-json\/wp\/v2\/comments?post=17972"}],"version-history":[{"count":0,"href":"https:\/\/shopinthecity.it\/torino\/wp-json\/wp\/v2\/posts\/17972\/revisions"}],"wp:featuredmedia":[{"embeddable":true,"href":"https:\/\/shopinthecity.it\/torino\/wp-json\/wp\/v2\/media\/17973"}],"wp:attachment":[{"href":"https:\/\/shopinthecity.it\/torino\/wp-json\/wp\/v2\/media?parent=17972"}],"wp:term":[{"taxonomy":"category","embeddable":true,"href":"https:\/\/shopinthecity.it\/torino\/wp-json\/wp\/v2\/categories?post=17972"},{"taxonomy":"post_tag","embeddable":true,"href":"https:\/\/shopinthecity.it\/torino\/wp-json\/wp\/v2\/tags?post=17972"}],"curies":[{"name":"wp","href":"https:\/\/api.w.org\/{rel}","templated":true}]}}