{"id":18041,"date":"2022-12-06T19:26:47","date_gmt":"2022-12-06T18:26:47","guid":{"rendered":"https:\/\/shopinthecity.it\/torino\/?p=18041"},"modified":"2022-12-06T19:26:49","modified_gmt":"2022-12-06T18:26:49","slug":"il-magico-ponte-dellimmacolata-al-magico-paese-di-natale","status":"publish","type":"post","link":"https:\/\/shopinthecity.it\/torino\/il-magico-ponte-dellimmacolata-al-magico-paese-di-natale\/","title":{"rendered":"Il Magico ponte dell'Immacolata al Magico Paese di Natale"},"content":{"rendered":"\n<p>Natale si avvicina, e il Magico Paese di Natale \u00e8 naturalmente pronto a festeggiarlo, partendo dalla settimana dove l'atmosfera natalizia entra nelle case di tutti quanti: <strong>la settimana dell'Immacolata Concezione<\/strong>.&nbsp;<\/p>\n\n\n\n<p>In questo momento dove tradizionalmente le famiglie si riuniscono intorno all'albero di Natale per addobbarlo, il Magico Paese di Natale propone una serie di <strong>eventi speciali che riempiranno le giornate di apertura straordinaria del Mercatino di Asti e degli spettacoli di Govone<\/strong>, che saranno fruibili al pubblico continuativamente <strong>dall'8 all'11 dicembre<\/strong>. Ecco le tante novit\u00e0 previste per il ponte dell'Immacolata, che andranno ad aggiungersi alla normale programmazione del Magico Paese di Natale.&nbsp;<\/p>\n\n\n\n<p><strong>XMas Gala - Il Concerto pi\u00f9 divertente dell'anno<\/strong><\/p>\n\n\n\n<p>I festeggiamenti partiranno l'8 dicembre, con un grande spettacolo ospitato nel bellissimo Teatro Alfieri di Asti. Uno spettacolo interamente dal vivo fatto di musica natalizia e risate, con sul palco alcuni super ospiti: dai <strong>comici di Zelig e Colorado (Max Pieriboni, Pistillo, Diego Casale) <\/strong>coordinati dall\u2019irriverente capocomico<strong> Beppe Braida <\/strong>alle 50 voci del&nbsp;<strong> Christmas Gala Gospel Choir<\/strong> preparato dal <strong>Sunshine Gospel Choir<\/strong> ed eccezionalmente diretto dal <strong>Maestro Gianluca Sambataro.<br><\/strong>Le voci soliste saranno affidate al talentuoso trio delle<strong> Mystical Ladies.<\/strong> In scena ci saranno tutti i personaggi delle festivit\u00e0: un&nbsp; <strong>Babbo Natale<\/strong> confusionario (<strong>Diego Casale<\/strong>), l\u2019improbabile dietologo Dott. Sereno (<strong>Max Pieriboni<\/strong>), che ci dar\u00e0 consigli dopo le grandi abbuffate in famiglia e <strong>Pistillo,<\/strong> il folle personaggio amato da tutti i <strong>bambini<\/strong>. <strong>Beppe Braida<\/strong>, con la sua travolgente simpatia cercher\u00e0 di coordinare una serata in cui tutto dovrebbe funzionare a meraviglia\u2026. dovrebbe, perch\u00e9 gli imprevisti sono in agguato tra stacchi musicali e disturbatori professionisti! La regia \u00e8 affidata all\u2019ormai esperta <strong>Melina Pellicano<\/strong> (A Christmas Carol - Musical, Il Principe Ranocchio \u2013 Musical, Broadway Celebration e \u201cSTARS a Pop Rock Celebration, Christmas Show).<\/p>\n\n\n\n<p><strong>Il Presepe vivente a San Damiano d'Asti&nbsp;<\/strong><\/p>\n\n\n\n<p>Arriva uno degli appuntamenti pi\u00f9 attesi della programmazione del Magico Paese di Natale, quello che coinvolge nel circuito natalizio anche la bellissima cittadina di San Damiano d'Asti, con la suggestiva tradizione del suo Presepe vivente. L'8, l'11 e il 18 dicembre l'<strong>incantevole presepe vivente verr\u00e0 allestito nell'ambientazione unica delle cantine sotterranee del pittoresco centro storico<\/strong> con quasi cento figuranti volontari che porteranno in scena ogni giorno le figure pi\u00f9 classiche del presepe: lo zampognaro, i re Magi, le guardie romane, le lavandaie, i falegnami, i calzolai, gli intagliatori, i fornai, gli artigiani, i mercanti, i fabbri e ovviamente la scena della Nativit\u00e0, tutto inserito nelle immancabili dimostrazioni quali il conio delle monete, l\u2019intreccio dei vasi, e l\u2019allevamento degli animali.&nbsp;<\/p>\n\n\n\n<p>Il presepe vivente di San Damiano d'Asti \u00e8 a ingresso gratuito, e per l'occasione , nei giorni di allestimento, verr\u00e0 attivato un servizio di navetta gratuito che porter\u00e0 i visitatori andata e ritorno da Asti a San Damiano, per vivere a pieno l'atmosfera del Magico Paese di Natale.&nbsp;<\/p>\n\n\n\n<p>I festeggiamenti natalizi di San Damiano partiranno gi\u00e0 il 7 dicembre, con l'accensione dell'albero e le luminarie natalizie e con il concerto di Natale a cura della scuola di musica La Doremi alle ore 21.&nbsp;<\/p>\n\n\n\n<p>Nei giorni successivi poi, contemporaneamente al Presepe vivente, verranno anche allestiti nel centro storico i tradizionali mercatini di Natale. L'11 dicembre, alle 12.30, al Foro Boario \u00e8 previsto il pranzo del Cappone, a cura della Pro Loco di San Damiano: una tradizione di questo periodo che d\u00e0 il via alla Fiera Storica del Cappone, che prosegue anche il 12 dicembre. La Fiera del Cappone partir\u00e0 alle ore 9 di domenica 11 con in contemporanea il mercatino dell'antiquariato, e al pomeriggio il Presepe Vivente.<\/p>\n\n\n\n<p>Per l'8 dicembre, in occasione dell'inaugurazione del Presepe vivente, \u00e8 previsto anche il <strong>tour&nbsp; guidato in autobus dell'Ecomuseo del Basso Monferrato Astigiano \"La Macchina Magnifica\",<\/strong> che porter\u00e0 i visitatori alla scoperta delle terre dei presepi di Oro Incenso Mirra. Si parte da Asti (piazza del Palio, ore 10 - rientro ore 17.30), con possibilit\u00e0 di pranzare presso i locali convenzionati con menu a 10, 15 e 20 euro. Informazioni: cell. 3287069085 (in orario pomeridiano). Biglietto: Euro 20,00 adulti \/ 15 euro possessori di Tessera Abbonamento Musei \/ Euro 10,00 bambini fino ai 14 anni. Biglietti online: <a href=\"http:\/\/easynite.it\/altro\/la-macchina-magnifica\/\" target=\"_blank\" rel=\"noopener\">easynite.it\/altro\/la-macchina-magnifica\/<\/a><\/p>\n\n\n\n<p><strong>Degustazione di Blonde d'Aquitaine<\/strong><\/p>\n\n\n\n<p>Una carne naturalmente tenera sar\u00e0 protagonista della giornata dell'8 dicembre al Magico Paese di Natale: \u00e8 la Blonde d'Aquitaine, razza d'eccellenza allevata in Italia e promossa da Asprocarne Piemonte. Sar\u00e0 proprio Asprocarne, nella giornata dell'8 dicembre, a far degustare alle tante famiglie presenti a Govone gli hamburger di questa carne eccezionale. In piazza Roma a Govone, ai piedi del Castello Reale, verranno infatti distribuiti cinquecento mini hamburger a tutti coloro che risponderanno a un semplice sondaggio.&nbsp; L'iniziativa \u00e8 promossa grazie al progetto Blonde d\u2019Aquitaine: European Beef Excellence, cofinanziato dall\u2019Unione europea nell\u2019ambito del Regolamento 1144\/2014. Per saperne di pi\u00f9, si pu\u00f2 visitare il sito <a href=\"http:\/\/www.blonde-aquitaine.com\" target=\"_blank\" rel=\"noopener\">www.blonde-aquitaine.com<\/a> .<\/p>\n\n\n\n<p><strong>Il Magico Paese di Natale 2022: informazioni pratiche<\/strong><\/p>\n\n\n\n<p>Magico Paese di Natale &nbsp;<\/p>\n\n\n\n<p>12 novembre \u2013 18 dicembre | <a href=\"http:\/\/www.magicopaesedinatale.com\" target=\"_blank\" rel=\"noopener\">www.magicopaesedinatale.com<\/a><\/p>\n","protected":false},"excerpt":{"rendered":"<p>Natale si avvicina, e il Magico Paese di Natale \u00e8 naturalmente pronto a festeggiarlo, partendo dalla settimana dove l'atmosfera natalizia entra nelle case di tutti quanti: la settimana dell'Immacolata Concezione.&nbsp; In questo momento dove tradizionalmente le famiglie si riuniscono intorno all'albero di Natale per addobbarlo, il Magico Paese di Natale propone una serie di eventi [&hellip;]<\/p>\n","protected":false},"author":7,"featured_media":18042,"comment_status":"open","ping_status":"open","sticky":false,"template":"","format":"standard","meta":{"_acf_changed":false,"_monsterinsights_skip_tracking":false,"_monsterinsights_sitenote_active":false,"_monsterinsights_sitenote_note":"","_monsterinsights_sitenote_category":0,"footnotes":""},"categories":[55],"tags":[],"class_list":["post-18041","post","type-post","status-publish","format-standard","has-post-thumbnail","hentry","category-4passi"],"acf":[],"_links":{"self":[{"href":"https:\/\/shopinthecity.it\/torino\/wp-json\/wp\/v2\/posts\/18041","targetHints":{"allow":["GET"]}}],"collection":[{"href":"https:\/\/shopinthecity.it\/torino\/wp-json\/wp\/v2\/posts"}],"about":[{"href":"https:\/\/shopinthecity.it\/torino\/wp-json\/wp\/v2\/types\/post"}],"author":[{"embeddable":true,"href":"https:\/\/shopinthecity.it\/torino\/wp-json\/wp\/v2\/users\/7"}],"replies":[{"embeddable":true,"href":"https:\/\/shopinthecity.it\/torino\/wp-json\/wp\/v2\/comments?post=18041"}],"version-history":[{"count":0,"href":"https:\/\/shopinthecity.it\/torino\/wp-json\/wp\/v2\/posts\/18041\/revisions"}],"wp:featuredmedia":[{"embeddable":true,"href":"https:\/\/shopinthecity.it\/torino\/wp-json\/wp\/v2\/media\/18042"}],"wp:attachment":[{"href":"https:\/\/shopinthecity.it\/torino\/wp-json\/wp\/v2\/media?parent=18041"}],"wp:term":[{"taxonomy":"category","embeddable":true,"href":"https:\/\/shopinthecity.it\/torino\/wp-json\/wp\/v2\/categories?post=18041"},{"taxonomy":"post_tag","embeddable":true,"href":"https:\/\/shopinthecity.it\/torino\/wp-json\/wp\/v2\/tags?post=18041"}],"curies":[{"name":"wp","href":"https:\/\/api.w.org\/{rel}","templated":true}]}}