{"id":18085,"date":"2023-03-08T14:13:58","date_gmt":"2023-03-08T13:13:58","guid":{"rendered":"https:\/\/shopinthecity.it\/torino\/?p=18085"},"modified":"2023-03-08T14:13:59","modified_gmt":"2023-03-08T13:13:59","slug":"arriva-slavika-festival-il-festival-delle-culture-slave-a-torino","status":"publish","type":"post","link":"https:\/\/shopinthecity.it\/torino\/arriva-slavika-festival-il-festival-delle-culture-slave-a-torino\/","title":{"rendered":"Arriva Slavika Festival,  il Festival delle culture slave a Torino"},"content":{"rendered":"\n<p>Dopo tre anni di silenzio forzato torna a Torino Slavika Festival, il primo festival italiano interamente dedicato alle culture slave, che quest\u2019anno giunge alla sua VI edizione.<\/p>\n\n\n\n<p>Il simbolo di questa edizione \u00e8 la Rusalka: una figura mitologica che rappresenta la forza del femminile, dolce e affascinante, ma potente e determinata nel rivendicare ingiustizie e soprusi, se necessario.<\/p>\n\n\n\n<p><em><strong>Tre intensi giorni di incontri, laboratori e attivit\u00e0 dedicati al mondo slavo, per scoprire una cultura lontana solo in apparenza, ma che pu\u00f2 essere molto pi\u00f9 vicina di quello che si pensa!<\/strong><\/em><\/p>\n\n\n\n<p>Costretto a fermarsi per qualche anno a causa della pandemia, adesso Slavika \u00e8 pronto a ripartire:&nbsp;<strong>dal 17 al 19 marzo<\/strong>, presso l\u2019<strong>Unione Culturale Franco Antonicelli<\/strong>, il festival ritorna proponendo una serie di incontri in cui ospiti internazionali dialogheranno con personalit\u00e0 locali.<\/p>\n\n\n\n<p>Ci saranno\u00a0<strong>laboratori di traduzione poetica<\/strong>,\u00a0<strong>illustrazione e canto<\/strong>\u00a0(anche per i pi\u00f9 piccoli),\u00a0<strong>una mostra di illustratori russi e bielorussi<\/strong>,\u00a0<strong>una proiezione italo-bosniaca\u00a0<\/strong>e la\u00a0<strong>serata di chiusura con un grande evento performativo che coinvolger\u00e0 artisti e musicisti<\/strong>.<\/p>\n\n\n\n<p>Tutti gli eventi sono con ingresso a offerta libera&nbsp;<\/p>\n\n\n\n<p><strong>Per supportare l'iniziativa, \u00e8 attiva una\u00a0<\/strong><a href=\"https:\/\/www.produzionidalbasso.com\/project\/supporta-slavika-festival\/\" target=\"_blank\" rel=\"noreferrer noopener\"><strong>raccolta fondi su Produzioni dal Basso<\/strong><\/a><strong>\u00a0con tante ricompense e sorprese speciali per i sostenitori.<\/strong><\/p>\n\n\n\n<div data-wp-interactive=\"core\/file\" class=\"wp-block-file\"><object data-wp-bind--hidden=\"!state.hasPdfPreview\" hidden class=\"wp-block-file__embed\" data=\"https:\/\/shopinthecity.it\/torino\/wp-content\/uploads\/sites\/2\/2023\/03\/programma-slavika-6-marzo.pdf\" type=\"application\/pdf\" style=\"width:100%;height:600px\" aria-label=\"Incorporamento di programma-slavika-6-marzo.\"><\/object><a id=\"wp-block-file--media-d3213328-eff1-4582-a6d1-3e725f630d82\" href=\"https:\/\/shopinthecity.it\/torino\/wp-content\/uploads\/sites\/2\/2023\/03\/programma-slavika-6-marzo.pdf\">programma-slavika-6-marzo<\/a><a href=\"https:\/\/shopinthecity.it\/torino\/wp-content\/uploads\/sites\/2\/2023\/03\/programma-slavika-6-marzo.pdf\" class=\"wp-block-file__button wp-element-button\" aria-describedby=\"wp-block-file--media-d3213328-eff1-4582-a6d1-3e725f630d82\" download>Download<\/a><\/div>\n\n\n\n<p><\/p>\n","protected":false},"excerpt":{"rendered":"<p>Dopo tre anni di silenzio forzato torna a Torino Slavika Festival, il primo festival italiano interamente dedicato alle culture slave, che quest\u2019anno giunge alla sua VI edizione. Il simbolo di questa edizione \u00e8 la Rusalka: una figura mitologica che rappresenta la forza del femminile, dolce e affascinante, ma potente e determinata nel rivendicare ingiustizie e [&hellip;]<\/p>\n","protected":false},"author":7,"featured_media":18087,"comment_status":"open","ping_status":"open","sticky":false,"template":"","format":"standard","meta":{"_acf_changed":false,"_monsterinsights_skip_tracking":false,"_monsterinsights_sitenote_active":false,"_monsterinsights_sitenote_note":"","_monsterinsights_sitenote_category":0,"footnotes":""},"categories":[190],"tags":[],"class_list":["post-18085","post","type-post","status-publish","format-standard","has-post-thumbnail","hentry","category-eventi"],"acf":[],"_links":{"self":[{"href":"https:\/\/shopinthecity.it\/torino\/wp-json\/wp\/v2\/posts\/18085","targetHints":{"allow":["GET"]}}],"collection":[{"href":"https:\/\/shopinthecity.it\/torino\/wp-json\/wp\/v2\/posts"}],"about":[{"href":"https:\/\/shopinthecity.it\/torino\/wp-json\/wp\/v2\/types\/post"}],"author":[{"embeddable":true,"href":"https:\/\/shopinthecity.it\/torino\/wp-json\/wp\/v2\/users\/7"}],"replies":[{"embeddable":true,"href":"https:\/\/shopinthecity.it\/torino\/wp-json\/wp\/v2\/comments?post=18085"}],"version-history":[{"count":0,"href":"https:\/\/shopinthecity.it\/torino\/wp-json\/wp\/v2\/posts\/18085\/revisions"}],"wp:featuredmedia":[{"embeddable":true,"href":"https:\/\/shopinthecity.it\/torino\/wp-json\/wp\/v2\/media\/18087"}],"wp:attachment":[{"href":"https:\/\/shopinthecity.it\/torino\/wp-json\/wp\/v2\/media?parent=18085"}],"wp:term":[{"taxonomy":"category","embeddable":true,"href":"https:\/\/shopinthecity.it\/torino\/wp-json\/wp\/v2\/categories?post=18085"},{"taxonomy":"post_tag","embeddable":true,"href":"https:\/\/shopinthecity.it\/torino\/wp-json\/wp\/v2\/tags?post=18085"}],"curies":[{"name":"wp","href":"https:\/\/api.w.org\/{rel}","templated":true}]}}