{"id":18395,"date":"2023-11-17T17:08:24","date_gmt":"2023-11-17T16:08:24","guid":{"rendered":"https:\/\/shopinthecity.it\/torino\/?p=18395"},"modified":"2023-11-17T17:08:25","modified_gmt":"2023-11-17T16:08:25","slug":"al-teatro-colosseo-140-artisti-in-scena-per-il-gala-dautunno-dei-germana-erbas-talents","status":"publish","type":"post","link":"https:\/\/shopinthecity.it\/torino\/al-teatro-colosseo-140-artisti-in-scena-per-il-gala-dautunno-dei-germana-erbas-talents\/","title":{"rendered":"Al Teatro Colosseo 140 artisti in scena per il Gal\u00e0\u00a0d\u2019Autunno\u00a0dei\u00a0Germana Erba\u2019s Talents"},"content":{"rendered":"\n<p><strong>Gioved\u00ec 30 novembre alle 21&nbsp;<\/strong>al&nbsp;<strong>Teatro Colosseo di Torino<\/strong>&nbsp;in scena il&nbsp;<strong>Gal\u00e0 d\u2019Autunno dei G.E.T. ovvero i Germana Erba\u2019s Talents&nbsp;<\/strong>per una serata di musical, danza e teatro con incasso a favore delle borse di studio di questi giovani.&nbsp;<\/p>\n\n\n\n<p>Il Gal\u00e0 \u00e8 una kermesse che vede protagonisti&nbsp;<strong>ben 140 giovani danzatori-cantanti-attori<\/strong>, spaziando dal grande repertorio del balletto classico alla prosa, a quadri coreografici e musicali tratti da celebri musical, alla danza contemporanea. Si susseguono con ritmo festoso&nbsp;scene del teatro musicale pi\u00f9 amato come&nbsp;<em><strong>Grease<\/strong><\/em><strong>,&nbsp;<\/strong><em><strong>Mamma Mia!, High School Musical<\/strong><\/em><em>&nbsp;o<\/em>&nbsp;<em><strong>Mary Poppins<\/strong><\/em><em>&nbsp;<\/em>e di operette quali&nbsp;<em><strong>Al cavallino bianco<\/strong><\/em>, a coinvolgere il pubblico insieme a coreografie su musica di \u010cajkovskij e Karlsson e a un estratto del best seller GET&nbsp;<em>Piccolo Principe<\/em>.&nbsp;<\/p>\n\n\n\n<p>I GET \u201cguest\u201d&nbsp;<strong>Laura Boltri&nbsp;<\/strong>e&nbsp;<strong>Tiziano Casu<\/strong>&nbsp;portano in scena il grande repertorio ballettistico classico con una suite da&nbsp;<em>Paquita<\/em>&nbsp;e Rosario Far\u00f2 porta la sua canzone&nbsp;<em>Diva<\/em>.<\/p>\n\n\n\n<p>A incorniciare lo spettacolo, momenti molto evocativi come il celebre coro del&nbsp;<em>Va\u2019 pensiero<\/em>&nbsp;di Verdi e&nbsp;<em>Roar<\/em>&nbsp;di Katy Perry.<\/p>\n\n\n\n<p>Una brillante antologia di emozioni e momenti di spettacolo per una performance di assoluto livello, con tutto il fascino dei \u201cTalent\u201d (dal vivo, per\u00f2!). I G.E.T. sono ospiti di molti importanti teatri quali il Teatro Manzoni di Roma, il Teatro Verdi di Montecatini (PT), il Teatro Alfieri di Asti, il Sociale di Pinerolo, i Teatri Alfieri e Colosseo di Torino, e hanno tra l\u2019altro inaugurato \u2013quest\u2019anno e per pi\u00f9 edizioni consecutive- il prestigioso Festival&nbsp;<em>Ferie di Augusto&nbsp;<\/em>al sito archeologico di Bene Vagienna. La loro energia nasce dalla certezza di prepararsi per dare vita ad un sogno \u2013il teatro\u2013 da condividere con i loro spettatori e sostenitori. Lo spettacolo \u00e8 firmato dai coreografi Antonio Della Monica, Niurka De Saa, Marisa Milanese, Gianni Mancini e&nbsp;Silvia Iannoli<strong>&nbsp;<\/strong>dai registi Luciano Caratto, Stefano Fiorillo, Federico Tolardo, Elia Tedesco e dai vocal coach Simone Gull\u00ec e Gabriele Bolletta.<\/p>\n\n\n\n<p><strong>Guest&nbsp;<\/strong>speciali il 30 novembre i GET<strong>&nbsp;Laura Boltri, Tiziano Casu&nbsp;<\/strong>e&nbsp;<strong>Rosario Far\u00f2,<\/strong>&nbsp;tre artisti che si sono diplomati e qualificati nel solco del progetto formativo di Germana Erba per performare in Italia e nel mondo. Ecco qualche tratto dal loro curriculum:<\/p>\n\n\n\n<p><strong>Laura Boltri<\/strong>: danzatrice. \u00c9toile ballet gala in Svezia, Norvegia, Danimarca e Lettonia dal 2021 e, negli anni precedenti danzatrice al Ballet Nacional del Per\u00f9, al<em>&nbsp;<\/em>Ballet Nacional del Sodre, Uruguay diretto da Julio Bocca,&nbsp;<em>al&nbsp;<\/em>Ballet de Jalisco e di Monterrey in Messico e all\u2019English National Ballet.<\/p>\n\n\n\n<p><strong>Tiziano Casu<\/strong>: danzatore e attore. Ha danzato al Balletto del sud di Lecce, alla Clarendon Company e Eko Dance Project di Torino, alla German Dance Sensation e Tui Cruise di Berlino, recitato nella Compagnia Torino Spettacoli e in serie tv Radio Rai e in&nbsp;<em>Italia\u2019s got Talent<\/em>&nbsp;su Sky. E\u2019 danzatore e coreografo per Choros Ballet.<\/p>\n\n\n\n<p><strong>Rosario Far\u00f2<\/strong>: cantante e attore. Maschera di Pulcinella nei teatri di Sudafrica, Scozia, Inghilterra, Polonia, Ungheria e Francia e tra i protagonisti della commedia da record&nbsp;<em>Il fidanzato di tutte<\/em>. Fondatore con J.C. Abraham De Palma, l'etichetta discografica The Palma Music.<\/p>\n\n\n\n<p><strong>Ormai brand riconosciuto<\/strong>, G.E.T. nasce dal Liceo Germana Erba, Istituto di eccellenza che, in quasi trent\u2019anni anni di attivit\u00e0 ha diplomato oltre 800 allievi. Tra questi,&nbsp;<strong>Federico Bonelli<\/strong>&nbsp;primo ballerino dal 2003 al 2022 al&nbsp;<strong>Royal Ballet<\/strong>&nbsp;e direttore artistico del&nbsp;<strong>Northern Ballet<\/strong>,&nbsp;<strong>Leonardo Cecchi<\/strong>, attore e cantante di fama internazionale, amatissimo per il ruolo del protagonista Alex nella serie TV&nbsp;<em><strong>Alex &amp; Co<\/strong><\/em>&nbsp;e&nbsp;<strong>Haroun Fall<\/strong>, attore impegnato anche sul fronte dell\u2019attivismo che, dopo diversi ruoli teatrali ha ottenuto il primo ruolo da co-protagonista per il piccolo schermo nel 2021 con la serie&nbsp;<em><strong>Zero<\/strong><\/em>, la prima serie italiana con un cast principale interamente di colore. Senza parlare degli allievi impegnati in importanti attivit\u00e0 artistiche ancora prima del diploma come Christian Scifo, ora in Canada, gi\u00e0 scritturato al Ballet du Qu\u00e9bec nell\u2019anno della maturit\u00e0\u2026 e segnaliamo Bianca Zoe Mantelli, selezionata dalla Wishfully per essere la voce principale di un video distribuito in oltre un miliardo di licenze!&nbsp;<strong>Il palmar\u00e8s \u00e8 sorprendente!!<\/strong><\/p>\n\n\n\n<p>Il&nbsp;<strong>Liceo Paritario Germana Erba<\/strong>&nbsp;per attori-danzatori-cantanti si caratterizza per la formazione culturale e professionale di giovani con attitudini per la danza, il teatro, il musical, l\u2019arte, la scenografia e lo spettacolo in tutte le sue forme. Insieme a una regolare istruzione di II grado, il corso di studi fornisce una specifica preparazione nelle discipline artistiche prescelte, creando figure professionali dotate di buone basi per un inserimento diretto nel mondo del lavoro in qualit\u00e0 di danzatori, attori, cantanti, conduttori, registi, coreografi, scenografi, scenotecnici e addetti alla comunicazione e per l\u2019accesso a qualsiasi Facolt\u00e0 Universitaria, agli Istituti AFAM (Alta Formazione Artistica Musicale e Coreutica) e alle Accademie di Belle Arti. Il Liceo Germana Erba, che nel 1995 ha ottenuto dal MIUR il riconoscimento della prima sperimentazione coreutica e nel 1998 di quella teatrale, e dal 2000 \u00e8 Scuola Paritaria, offre l\u2019Indirizzo Coreutico, primo e \u201cpioniere\u201d in Italia, che si avvale della metodologia della Scuola Nazionale di Cuba, ed \u00e8 convenzionato con l\u2019Accademia Nazionale di Danza e l\u2019Indirizzo Teatrale, unico in Italia, che collabora con il Teatro Stabile Privato \u201cTorino Spettacoli\u201d.<\/p>\n\n\n\n<p><strong>Chi sono i GET?<\/strong><\/p>\n\n\n\n<p>Chi sta vivendo il progetto formativo dal di dentro in questo momento ma anche chi \u00e8 impegnato nella professione, exallievi lavoratori dello spettacolo (e di altri ambiti!) che operano in ogni dove per un prezioso \u201caffaccio\u201d sul e nel mondo. Il network dei GEt \u00e8 insomma un\u2019officina concreta dei talenti che supera i confini, un\u2019officina in cui si progetta, si costruisce, si fa il punto, si ripara e si rigenera; grazie al continuo scambio osmotico tra esperienza sul campo, accademia, aggiornamento; il focus \u00e8 la ricerca dell\u2019eccellenza ciascuno col suo bagaglio e \u201ctutti insieme come uno solo come direbbero i canottieri del London rowing club\u201d con una attenzione costante all\u2019inclusione che diventa fatto quotidiano naturale, alla liberazione delle energie e alla definizione di nuovi percorsi di leadership. Ricordando l\u2019importanza di farlo conoscere, questo network dei GET, attraverso un palinsesto di collaborazioni e di manifestazioni aperte ai pi\u00f9 diversi pubblici e ai pi\u00f9 diversi contesti, anche a sostegno delle borse di studio per le ragazze e i ragazzi che hanno pi\u00f9 necessit\u00e0 e pi\u00f9 merito. Una parola per il futuro: GET!<\/p>\n","protected":false},"excerpt":{"rendered":"<p>Gioved\u00ec 30 novembre alle 21&nbsp;al&nbsp;Teatro Colosseo di Torino&nbsp;in scena il&nbsp;Gal\u00e0 d\u2019Autunno dei G.E.T. ovvero i Germana Erba\u2019s Talents&nbsp;per una serata di musical, danza e teatro con incasso a favore delle borse di studio di questi giovani.&nbsp; Il Gal\u00e0 \u00e8 una kermesse che vede protagonisti&nbsp;ben 140 giovani danzatori-cantanti-attori, spaziando dal grande repertorio del balletto classico alla [&hellip;]<\/p>\n","protected":false},"author":7,"featured_media":18396,"comment_status":"open","ping_status":"open","sticky":false,"template":"","format":"standard","meta":{"_acf_changed":false,"_monsterinsights_skip_tracking":false,"_monsterinsights_sitenote_active":false,"_monsterinsights_sitenote_note":"","_monsterinsights_sitenote_category":0,"footnotes":""},"categories":[190],"tags":[],"class_list":["post-18395","post","type-post","status-publish","format-standard","has-post-thumbnail","hentry","category-eventi"],"acf":[],"_links":{"self":[{"href":"https:\/\/shopinthecity.it\/torino\/wp-json\/wp\/v2\/posts\/18395","targetHints":{"allow":["GET"]}}],"collection":[{"href":"https:\/\/shopinthecity.it\/torino\/wp-json\/wp\/v2\/posts"}],"about":[{"href":"https:\/\/shopinthecity.it\/torino\/wp-json\/wp\/v2\/types\/post"}],"author":[{"embeddable":true,"href":"https:\/\/shopinthecity.it\/torino\/wp-json\/wp\/v2\/users\/7"}],"replies":[{"embeddable":true,"href":"https:\/\/shopinthecity.it\/torino\/wp-json\/wp\/v2\/comments?post=18395"}],"version-history":[{"count":0,"href":"https:\/\/shopinthecity.it\/torino\/wp-json\/wp\/v2\/posts\/18395\/revisions"}],"wp:featuredmedia":[{"embeddable":true,"href":"https:\/\/shopinthecity.it\/torino\/wp-json\/wp\/v2\/media\/18396"}],"wp:attachment":[{"href":"https:\/\/shopinthecity.it\/torino\/wp-json\/wp\/v2\/media?parent=18395"}],"wp:term":[{"taxonomy":"category","embeddable":true,"href":"https:\/\/shopinthecity.it\/torino\/wp-json\/wp\/v2\/categories?post=18395"},{"taxonomy":"post_tag","embeddable":true,"href":"https:\/\/shopinthecity.it\/torino\/wp-json\/wp\/v2\/tags?post=18395"}],"curies":[{"name":"wp","href":"https:\/\/api.w.org\/{rel}","templated":true}]}}