{"id":18561,"date":"2024-02-01T22:54:03","date_gmt":"2024-02-01T21:54:03","guid":{"rendered":"https:\/\/shopinthecity.it\/torino\/?p=18561"},"modified":"2024-02-01T22:54:07","modified_gmt":"2024-02-01T21:54:07","slug":"non-ha-leta-il-festival-di-sanremo-alle-gallerie-ditalia","status":"publish","type":"post","link":"https:\/\/shopinthecity.it\/torino\/non-ha-leta-il-festival-di-sanremo-alle-gallerie-ditalia\/","title":{"rendered":"Non ha l\u2019et\u00e0. Il Festival di Sanremo alle Gallerie d'Italia"},"content":{"rendered":"\n<p> <\/p>\n\n\n\n<p>Intesa Sanpaolo apre al pubblico dal\u00a0<strong>1\u00b0 febbraio al 12 maggio 2024<\/strong>\u00a0alle Gallerie d\u2019Italia \u2013 Torino la mostra \u201c<strong>Non ha l\u2019et\u00e0. Il Festival di Sanremo in bianco e nero 1951-1976\u201d<\/strong>\u00a0a cura di Aldo Grasso.<\/p>\n\n\n\n<p>La mostra, che si avvale del patrocinio della Regione Piemonte e della Citt\u00e0 di Torino, presenta&nbsp;<strong>85 fotografie provenienti dall\u2019Archivio Publifoto Intesa Sanpaolo&nbsp;<\/strong>sul Festival di Sanremo, la pi\u00f9 celebre manifestazione della canzone italiana che rappresenta un capitolo importante non solo della storia della musica e della televisione ma anche della storia sociale del Paese.&nbsp; Le fotografie in mostra si soffermano solo in pochi casi sulle immagini delle esibizioni degli artisti sul palco, dando maggiore spazio ai \u201cfuori scena\u201d: i cantanti durante le prove, le passerelle degli artisti in giro per la citt\u00e0, gli autografi, il pubblico, gli artisti ritratti in situazioni curiose, la sala trucco, l\u2019orchestra e la sala stampa. Grazie alla media partnership con la Rai, l\u2019esposizione \u00e8 arricchita da contributi video-sonori in collaborazione con Rai Teche.<\/p>\n\n\n\n<p><strong>Michele Coppola<\/strong>, Executive Director Arte Cultura e Beni Storici Intesa Sanpaolo, afferma:<em>&nbsp;\u201cNon ha l\u2019et\u00e0\u201d \u00e8 un omaggio al Festival di Sanremo che ancora oggi unisce tutte le generazioni intorno alla musica e alla cultura italiana. La mostra \u00e8 anche testimonianza della partecipazione della Banca ai momenti identitari del Paese attraverso la valorizzazione e la condivisione delle immagini dell\u2019Archivio Publifoto.<\/em><\/p>\n\n\n\n<p>Il Festival di Sanremo nasce nel 1951, organizzato dal Casin\u00f2 di Sanremo e dalla Rai di Torino, in tre serate e trasmessa radiofonicamente in presa diretta dal Salone delle Feste del Casin\u00f2. Le prime edizioni vengono trasmesse solo dalla radio, ma nel 1955, la manifestazione comincia ad avere una certa popolarit\u00e0 e la tv decide di trasmetterla in diretta. Da quel momento la storia del Festival di Sanremo procede di pari passo con la storia della televisione italiana.<\/p>\n\n\n\n<p>I fotoreporter dell\u2019Agenzia Publifoto intuiscono l\u2019importanza della manifestazione e, negli anni in cui l\u2019evento fu ospitato nel Casin\u00f2 di Sanremo (1951-1976), realizzano oltre 15.000 fotografie del Festival. La fotografia assume anche un valore documentale di grande importanza: le immagini in mostra testimoniano un\u2019Italia che ha fretta di dimenticare la guerra e la povert\u00e0, che vuole affidare alle canzoni una ritrovata spensieratezza. Il titolo richiama la giovane et\u00e0 di un Festival agli esordi e di un\u2019Italia in crescita.<\/p>\n\n\n\n<p>La mostra si inserisce nell\u2019ambito delle iniziative di valorizzazione dell\u2019Archivio Publifoto, costituito da oltre 7 milioni di fotografie dell\u2019Agenzia fondata da Vincenzo Carrese nel 1937, la pi\u00f9 importante agenzia fotogiornalistica privata nata in Italia negli anni \u201930. L\u2019Archivio \u00e8 stato acquistato da Intesa Sanpaolo nel 2015 con una operazione che ne ha evitato la dispersione e ora \u00e8 curato e gestito dall\u2019Archivio Storico Intesa Sanpaolo presso le Gallerie d\u2019Italia di Torino. In occasione della mostra, l\u2019Archivio Storico ha completamente restaurato, digitalizzato e catalogato tutte le oltre 15.000 fotografie dei servizi realizzati al Festival dall\u2019Agenzia Publifoto e sono ora consultabili on line sul sito dell\u2019Archivio Storico di Intesa Sanpaolo (<a rel=\"noreferrer noopener\" target=\"_blank\" href=\"https:\/\/asisp.intesasanpaolo.com\/\">https:\/\/asisp.intesasanpaolo.com<\/a>).<\/p>\n\n\n\n<p>Lungo il percorso espositivo, i visitatori potranno inoltre rivivere l\u2019atmosfera di una vecchia sala stampa, grazie agli elementi di design provenienti da ADI Design Museum - Compasso d\u2019Oro di Milano. L\u2019allestimento \u00e8 ulteriormente arricchito dalle copertine originali di vinili che richiamano varie edizioni di Sanremo del passato, grazie al prestito dell\u2019Istituto Centrale per i Beni Sonori e Audiovisivi, progetto Canzone Italiana; da un Cinebox (1961-1962) della Mival grazie al prestito concesso da Faro Games; da alcune sedute dal design contemporaneo di Edra.<\/p>\n\n\n\n<p>La mostra presenta inoltre una serie di contenuti audio scaricabili attraverso l\u2019<strong>app Gallerie d\u2019Italia<\/strong>, con approfondimenti dedicati all\u2019iniziativa e all\u2019Archivio Publifoto.<\/p>\n\n\n\n<p>La mostra sar\u00e0 affiancata da un ricco palinsesto di eventi di approfondimento ad ingresso gratuito per il tradizionale public program #INSIDE del mercoled\u00ec sera.<\/p>\n\n\n\n<p>Il catalogo \u00e8 realizzato da Edizioni Gallerie d\u2019Italia | Skira.<\/p>\n\n\n\n<p>Il museo di Torino, insieme a quelli di Milano, Napoli e Vicenza, \u00e8 parte del progetto museale Gallerie d\u2019Italia di Intesa Sanpaolo, guidato da Michele Coppola \u2013 Executive Director Arte, Cultura e Beni Storici della Banca.<\/p>\n\n\n\n<p><strong>INFORMAZIONI UTILI<\/strong><\/p>\n\n\n\n<p>DOVE: Gallerie d\u2019Italia \u2013 Torino, Piazza San Carlo 156, Torino<\/p>\n\n\n\n<p>ORARI: marted\u00ec, gioved\u00ec, venerd\u00ec, sabato e domenica dalle 9.30 alle 19.30; mercoled\u00ec dalle 9.30 alle 22.30; luned\u00ec chiuso; ultimo ingresso: un\u2019ora e mezza prima della chiusura<\/p>\n\n\n\n<p>TARIFFE: intero 10\u20ac, ridotto 8\u20ac, ingresso gratuito per convenzionati, scuole, minori di 18 anni e prima domenica del mese; ridotto speciale 5\u20ac per under 26 e clienti del Gruppo Intesa Sanpaolo<\/p>\n\n\n\n<p>INFORMAZIONI E PRENOTAZIONI:&nbsp;<a rel=\"noreferrer noopener\" target=\"_blank\" href=\"http:\/\/www.gallerieditalia.com\/\">http:\/\/www.gallerieditalia.com<\/a>,&nbsp;<a rel=\"noreferrer noopener\" target=\"_blank\" href=\"mailto:torino@gallerieditalia.com\">torino@gallerieditalia.com<\/a>, Numero Verde 800.167619<\/p>\n","protected":false},"excerpt":{"rendered":"<p>Intesa Sanpaolo apre al pubblico dal\u00a01\u00b0 febbraio al 12 maggio 2024\u00a0alle Gallerie d\u2019Italia \u2013 Torino la mostra \u201cNon ha l\u2019et\u00e0. Il Festival di Sanremo in bianco e nero 1951-1976\u201d\u00a0a cura di Aldo Grasso. La mostra, che si avvale del patrocinio della Regione Piemonte e della Citt\u00e0 di Torino, presenta&nbsp;85 fotografie provenienti dall\u2019Archivio Publifoto Intesa Sanpaolo&nbsp;sul [&hellip;]<\/p>\n","protected":false},"author":7,"featured_media":18562,"comment_status":"open","ping_status":"open","sticky":false,"template":"","format":"standard","meta":{"_acf_changed":false,"_monsterinsights_skip_tracking":false,"_monsterinsights_sitenote_active":false,"_monsterinsights_sitenote_note":"","_monsterinsights_sitenote_category":0,"footnotes":""},"categories":[190],"tags":[],"class_list":["post-18561","post","type-post","status-publish","format-standard","has-post-thumbnail","hentry","category-eventi"],"acf":[],"_links":{"self":[{"href":"https:\/\/shopinthecity.it\/torino\/wp-json\/wp\/v2\/posts\/18561","targetHints":{"allow":["GET"]}}],"collection":[{"href":"https:\/\/shopinthecity.it\/torino\/wp-json\/wp\/v2\/posts"}],"about":[{"href":"https:\/\/shopinthecity.it\/torino\/wp-json\/wp\/v2\/types\/post"}],"author":[{"embeddable":true,"href":"https:\/\/shopinthecity.it\/torino\/wp-json\/wp\/v2\/users\/7"}],"replies":[{"embeddable":true,"href":"https:\/\/shopinthecity.it\/torino\/wp-json\/wp\/v2\/comments?post=18561"}],"version-history":[{"count":0,"href":"https:\/\/shopinthecity.it\/torino\/wp-json\/wp\/v2\/posts\/18561\/revisions"}],"wp:featuredmedia":[{"embeddable":true,"href":"https:\/\/shopinthecity.it\/torino\/wp-json\/wp\/v2\/media\/18562"}],"wp:attachment":[{"href":"https:\/\/shopinthecity.it\/torino\/wp-json\/wp\/v2\/media?parent=18561"}],"wp:term":[{"taxonomy":"category","embeddable":true,"href":"https:\/\/shopinthecity.it\/torino\/wp-json\/wp\/v2\/categories?post=18561"},{"taxonomy":"post_tag","embeddable":true,"href":"https:\/\/shopinthecity.it\/torino\/wp-json\/wp\/v2\/tags?post=18561"}],"curies":[{"name":"wp","href":"https:\/\/api.w.org\/{rel}","templated":true}]}}