{"id":18653,"date":"2024-02-27T15:50:10","date_gmt":"2024-02-27T14:50:10","guid":{"rendered":"https:\/\/shopinthecity.it\/torino\/?p=18653"},"modified":"2024-02-27T15:50:15","modified_gmt":"2024-02-27T14:50:15","slug":"laura-pausini-torna-a-torino-con-il-suo-world-tour-winter-2024","status":"publish","type":"post","link":"https:\/\/shopinthecity.it\/torino\/laura-pausini-torna-a-torino-con-il-suo-world-tour-winter-2024\/","title":{"rendered":"Laura Pausini torna a Torino con il suo WORLD TOUR WINTER 2024"},"content":{"rendered":"\n<p>Dopo aver registrato il tutto esaurito nelle pi\u00f9 importanti arene d\u2019Europa e il sold out in Cile al debutto di una leg americana che si preannuncia altrettanto trionfale, Laura Pausini svela oggi le nuove date che porteranno il suo <strong>WORLD TOUR 2023\/2024 <\/strong>fino alla fine del prossimo inverno.<\/p>\n\n\n\n<p>Al netto di una leg italiana da 170.000 spettatori e un\u2019infilata di sold out in tutta Europa, gi\u00e0 lo scorso 14 febbraio era arrivato a sorpresa l\u2019annuncio di nuove date previste il prossimo inverno.<\/p>\n\n\n\n<p>\u201c<em><strong>Il mio regalo di San Valentino per voi \u00e8 che il tour continua questo inverno 2024<\/strong>. Torner\u00f2 in Europa per stare ancora con voi<\/em>\u201d cos\u00ec aveva anticipato sui suoi canali social.<\/p>\n\n\n\n<p>E Laura mantiene la promessa confermando oggi, marted\u00ec 27 febbraio, una nuova leg del suo tour, a partire da un debutto di prestigio all\u2019O2 Shepherd\u2019s Bush di Londra.<\/p>\n\n\n\n<p>E a seguire queste le citt\u00e0 che ospiteranno l\u2019artista italiana pi\u00f9 premiata al mondo nei mesi di novembre e dicembre: a Torino, in particolare, Laura sar\u00e0 <strong>il 30 novembre 2024<\/strong>.<\/p>\n\n\n\n<p>\u201c<em>Non mi fermo perch\u00e9 salire sul palco e dare tutta me stessa al pubblico \u00e8 ci\u00f2 che sono da pi\u00f9 di 30 anni \u2013&nbsp;<\/em>dichiara Laura&nbsp;<em>\u2013 L\u2019abbraccio che sto ricevendo in ogni citt\u00e0 che mi ha regalato affetto \u00e8 quello che mi porto dietro tappa dopo tappa, e non so spiegare quanto mi faccia sentire amata. Ho promesso di continuare a cantare per restituire tutto ci\u00f2 che il pubblico mi regala, e perch\u00e9 in nessun posto al mondo si scatena ci\u00f2 che accade sul palcoscenico da quando parte il countdown dell\u2019inizio a quando scendo l\u2019ultimo gradino dopo il finale. Non smetto di emozionarmi perch\u00e9 gli anni passano, ma l\u2019amore no. Ecco perch\u00e9 ho scelto San Valentino per regalare a me stessa e ai miei fan un altro capitolo di questo tour incredibile che ricorder\u00f2 per sempre\u201d.<\/em><\/p>\n\n\n\n<p>Quello che Laura Pausini \u00e8 riuscita a costruire per il suo decimo tour mondiale \u00e8 uno show straordinario con una grande produzione di respiro internazionale, appena approdato in America Latina, partendo dal Cile, e che proseguir\u00e0 in Argentina, Brasile, Per\u00f9, Ecuador, Colombia, Costa Rica e Messico, per poi conquistare gli Stati Uniti.<\/p>\n\n\n\n<p>Due ore e mezza di&nbsp;musica, una successione di brani iconici della sua carriera, con aggiunta di alcune tracce dell\u2019ultimo album ANIME PARALLELE \/ ALMAS PARALELAS, pubblicato lo scorso ottobre, che far\u00e0 tappa in un\u2019altisonante sfilata di citt\u00e0 che parte da Houston, e passa da Los Angeles a Orlando, da Miami a Chicago, per arrivare alla tappa storica al The Theater @ Madison Square Garden di New York il prossimo 6&nbsp;Aprile.<\/p>\n\n\n\n<p>L\u2019artista si esibir\u00e0 in uno show memorabile in 5 lingue, nella stessa citt\u00e0 che aveva ospitato l\u2019inizio dei festeggiamenti del suo anniversario il 27 febbraio 2023, e che quest\u2019anno inaugurer\u00e0 il suo trentennale di carriera anche nel mondo latino, che l\u2019ha incoronata lo scorso ottobre Latin Recording Academy Person of the Year\u2122 2023.<\/p>\n\n\n\n<p>\u201c<em>\u00c8 meraviglioso e incredibile come il percorso live di Laura cresca anno dopo anno<\/em>&nbsp;\u2013 commenta Ferdinando Salzano -&nbsp;<em>Quest\u2019ultimo tour ha registrato un aumento del 25% rispetto alle passate tourn\u00e9e mondiali, che avevano gi\u00e0 raggiunto numeri di grandissimo rilievo. \u00c8 un dato molto importante per la nostra musica, il nostro Paese, le donne musiciste. Laura \u00e8 l\u2019unica artista italiana ad aver conquistato l\u2019Italia e il mondo nei suoi 30 anni di carriera con un successo tutt\u2019ora inarrestabile, ed \u00e8 per noi un onore poter continuare insieme a lei i festeggiamenti di questo tour celebrativo fino alla fine del 2024<\/em>\u201d.<\/p>\n\n\n\n<p><strong>I biglietti del LAURA PAUSINI WORLD TOUR WINTER 2024 saranno disponibili:<\/strong><\/p>\n\n\n\n<p><strong>Fanclub Presale dalle 11:00 di domani, mercoled\u00ec 28 febbraio 2024<\/strong><\/p>\n\n\n\n<p><strong>General Sale dalle ore 11:00 di venerd\u00ec 1\u00b0 marzo 2024<\/strong><\/p>\n\n\n\n<p>Per la data di Londra (luned\u00ec 4 novembre):<\/p>\n\n\n\n<p>Fanclub Presale dalle ore 11:00 (10:00 Local Time) di mercoled\u00ec 6 marzo 2024<\/p>\n\n\n\n<p>General Sale dalle 10:00 (10:00 Local Time) di venerd\u00ec 8 marzo 2024<\/p>\n\n\n\n<p>Info biglietti:&nbsp;<a rel=\"noreferrer noopener\" target=\"_blank\" href=\"http:\/\/www.friendsandpartners.it\/\">www.friendsandpartners.it<\/a><\/p>\n\n\n\n<p>Info presale fanclub:&nbsp;<a rel=\"noreferrer noopener\" target=\"_blank\" href=\"http:\/\/www.laura4u.com\/\">www.laura4u.com<\/a><\/p>\n\n\n\n<p> <\/p>\n","protected":false},"excerpt":{"rendered":"<p>Dopo aver registrato il tutto esaurito nelle pi\u00f9 importanti arene d\u2019Europa e il sold out in Cile al debutto di una leg americana che si preannuncia altrettanto trionfale, Laura Pausini svela oggi le nuove date che porteranno il suo WORLD TOUR 2023\/2024 fino alla fine del prossimo inverno. Al netto di una leg italiana da [&hellip;]<\/p>\n","protected":false},"author":7,"featured_media":18654,"comment_status":"open","ping_status":"open","sticky":false,"template":"","format":"standard","meta":{"_acf_changed":false,"_monsterinsights_skip_tracking":false,"_monsterinsights_sitenote_active":false,"_monsterinsights_sitenote_note":"","_monsterinsights_sitenote_category":0,"footnotes":""},"categories":[296],"tags":[],"class_list":["post-18653","post","type-post","status-publish","format-standard","has-post-thumbnail","hentry","category-vetrina"],"acf":[],"_links":{"self":[{"href":"https:\/\/shopinthecity.it\/torino\/wp-json\/wp\/v2\/posts\/18653","targetHints":{"allow":["GET"]}}],"collection":[{"href":"https:\/\/shopinthecity.it\/torino\/wp-json\/wp\/v2\/posts"}],"about":[{"href":"https:\/\/shopinthecity.it\/torino\/wp-json\/wp\/v2\/types\/post"}],"author":[{"embeddable":true,"href":"https:\/\/shopinthecity.it\/torino\/wp-json\/wp\/v2\/users\/7"}],"replies":[{"embeddable":true,"href":"https:\/\/shopinthecity.it\/torino\/wp-json\/wp\/v2\/comments?post=18653"}],"version-history":[{"count":0,"href":"https:\/\/shopinthecity.it\/torino\/wp-json\/wp\/v2\/posts\/18653\/revisions"}],"wp:featuredmedia":[{"embeddable":true,"href":"https:\/\/shopinthecity.it\/torino\/wp-json\/wp\/v2\/media\/18654"}],"wp:attachment":[{"href":"https:\/\/shopinthecity.it\/torino\/wp-json\/wp\/v2\/media?parent=18653"}],"wp:term":[{"taxonomy":"category","embeddable":true,"href":"https:\/\/shopinthecity.it\/torino\/wp-json\/wp\/v2\/categories?post=18653"},{"taxonomy":"post_tag","embeddable":true,"href":"https:\/\/shopinthecity.it\/torino\/wp-json\/wp\/v2\/tags?post=18653"}],"curies":[{"name":"wp","href":"https:\/\/api.w.org\/{rel}","templated":true}]}}