{"id":18744,"date":"2024-03-22T15:08:29","date_gmt":"2024-03-22T14:08:29","guid":{"rendered":"https:\/\/shopinthecity.it\/torino\/?p=18744"},"modified":"2024-03-22T15:08:33","modified_gmt":"2024-03-22T14:08:33","slug":"torna-apolide-festival","status":"publish","type":"post","link":"https:\/\/shopinthecity.it\/torino\/torna-apolide-festival\/","title":{"rendered":"Torna APOLIDE Festival"},"content":{"rendered":"\n<p>Estate 2024. Continua la storia di uno dei festival pi\u00f9 longevi della musica italiana,&nbsp;<strong>APOLIDE FESTIVAL<\/strong>, che superati gli ostacoli, evolve ancora una volta, in&nbsp;<em>un processo continuo<\/em>, e raggiunge la&nbsp;<strong>Citt\u00e0 simbolo del Canavese, Ivrea<\/strong>, inaugurando cos\u00ec una nuova stagione nell'estate eporediese.&nbsp;<\/p>\n\n\n\n<p><strong>MOTTA, COSMO e EX-OTAGO<\/strong>, sono i primi tra i grandi nomi degli artisti ospiti di questa nuova edizione del Festival.<\/p>\n\n\n\n<p><strong>Apolide Festival<\/strong>&nbsp;riparte da qui, con 3 importanti ritorni,&nbsp;<strong>Motta<\/strong>&nbsp;che gi\u00e0 nel 2005, calc\u00f2 il palco di un neonato Alpette Rock Free Festival con i suoi Criminal Jokers e che ora torna con il tour dell\u2019ultimo album&nbsp;<em>La Musica \u00e8 finita<\/em>, gli&nbsp;<strong>Ex-Otago<\/strong>&nbsp;che presentano \u201c<em>Auguri<\/em>\u201d disco in uscita il 12 aprile e&nbsp;<strong>Cosmo,<\/strong>&nbsp;che nel 2022 ha fatto ballare il bosco di Vialfr\u00e8, suona finalmente live nella sua citt\u00e0 natale, dopo i sold out del suo tour primaverile, tra cui la data di Torino alle OGR, per presentare \u201c<em>Sulle Ali del cavallo Bianco<\/em>\u201d, disco che sta riscuotendo enormi riscontri dalla critica.<\/p>\n\n\n\n<p>A questi nomi come sempre si affiancano le realt\u00e0 pi\u00f9 interessanti e innovative del panorama nazionale e internazionale, plasmando una line up variegata, frutto di un\u2019instancabile ricerca.<\/p>\n\n\n\n<p>Nei giorni&nbsp;<strong>21, 22 e 23 Giugno 2024<\/strong>&nbsp;la Citt\u00e0 di Ivrea sar\u00e0 popolata da un programma di&nbsp;<strong>oltre 40 spettacoli<\/strong>&nbsp;tra concerti, performance di nuovo circo, incontri e dj set disseminati in diversi luoghi cittadini e sui quattro punti spettacolo, per un&nbsp;<strong>evento diffuso<\/strong>&nbsp;che punta al coinvolgimento della collettivit\u00e0.<\/p>\n\n\n\n<p>L\u2019area verde urbana&nbsp;<strong>Parco Dora Baltea<\/strong>, il cuore pulsante di Apolide, con il&nbsp;<strong>Main Stage<\/strong>&nbsp;e&nbsp;<strong>Parade78<\/strong>&nbsp;l\u2019innovativo palco della sperimentazione tra linguaggi;&nbsp;<strong>Apolide Circus<\/strong>&nbsp;l\u2019arena per gli spettacoli di circo contemporaneo in collaborazione con&nbsp;<em>Fondazione Piemonte dal Vivo<\/em>&nbsp;e lo&nbsp;<strong>Zac! Stage<\/strong>&nbsp;dove le serate continuano con i party che da sempre fanno ballare il pubblico del Festival.<\/p>\n\n\n\n<p><strong>Apolide<\/strong>&nbsp;si conferma come contenitore di attivit\u00e0 non solo legate all\u2019arte performativa, favorendo partecipazione attiva attraverso una serie di attivit\u00e0 a corollario che hanno sempre contraddistinto la manifestazione in questo ventennio (dai laboratori, al market, passando per area relax e talk).<\/p>\n\n\n\n<p>L\u2019ospitalit\u00e0 per tutti gli avventori del Festival sar\u00e0 garantita dalle strutture ricettive di Ivrea e dell\u2019eporediese, mentre in area sar\u00e0 presente l'offerta food &amp; beverage, come sempre strettamente collegata al territorio.<\/p>\n\n\n\n<p>Una tre giorni che invita a riscoprire anche la storia, la cultura, i siti Unesco, l\u2019enogastronomia e le bellezze naturalistiche del territorio.<\/p>\n\n\n\n<p>In questa direzione si inserisce anche&nbsp;<strong>Apolide Drops<\/strong>, il format culturale, alla sua terza edizione, nel segno della sostenibilit\u00e0 e dell\u2019accessibilit\u00e0, che anima il Canavese e le sue Valli con tre appuntamenti prequel del festival: nella borgata montana I Musrai di Alpette,&nbsp;<strong>Enrico Gabrielli&nbsp;<\/strong>live (Calibro35) con le sue&nbsp;<em>Le Canzonine,<\/em>&nbsp;il suo primo album da solista, con brani per i pi\u00f9 piccoli&nbsp;(21\/04); al Pian delle Nere a Castelnuovo Nigra con&nbsp;<strong>Jeremiah Fraites<\/strong>&nbsp;dei<strong><em>&nbsp;The Lumineers<\/em><\/strong>&nbsp;(USA) per il concerto \u201c<em>Piano Piano\u201d,&nbsp;<\/em>che conterr\u00e0 anche brani del nuovo disco \u201cPiano Piano 2\u201d in uscita il 29 marzo,immerso nella natura durante la fioritura dei narcisi (26\/05) e con il cantautore&nbsp;<strong>Giovanni Truppi<\/strong>&nbsp;live sulle rive del lago di Meugliano in Valdichy (09\/06).&nbsp;<strong>Apolide Drops<\/strong>&nbsp;mantiene la sua formula multidisciplinare di musica e circo contemporaneo, grazie alla collaborazione con Cordata For. L\u2019ingresso \u00e8 gratuito, previa prenotazione.&nbsp; Per i possessori dell\u2019abbonamento di Apolide Festival sar\u00e0 garantita una priorit\u00e0 sulla prenotazione.&nbsp;<strong>A breve disponibili online i form per l\u2019iscrizione.<\/strong><\/p>\n\n\n\n<p><strong>Apolide diviene quindi sinonimo di eventi immersivi e sostenibili diffusi sui territori.&nbsp;<\/strong>Una rinnovata versione del Festival che evidenzia in modo ancora pi\u00f9 forte il carattere di Apolide, indipendente, creativo e curioso, con un\u2019attitudine costante al rinnovamento e alla condivisione, alla sperimentazione e alla contaminazione tra generi, luoghi e persone, che si esprime a partire dalla sua nuova identit\u00e0 grafica curata da&nbsp;<strong>Van Orton Design<\/strong>, autori di progetti per Pearl Jam, Blink182 e Bon Jovi e che - per la prima volta - realizzano un visual dedicato ad un Festival.<\/p>\n\n\n\n<p><br><strong>Apolide Festival<\/strong>&nbsp;\u00e8 un progetto di Associazione TO LOCALS ETS, organizzato insieme a Hiroshima Mon Amour, in collaborazione con Citt\u00e0 di Ivrea. \u00c8 realizzato con il sostegno di Ministero della Cultura e Regione Piemonte, in collaborazione con Fondazione Piemonte Dal Vivo, con il supporto di Turismo Torino e Provincia e GAL Valli del Canavese ed \u00e8 stato Sostenuto negli anni da Consiglio Regionale del Piemonte, Fondazione CRT, Camera di Commercio di Torino e Fondazione Compagnia di San Paolo.<\/p>\n\n\n\n<p><strong><br>Biglietti disponibili in prevendita<\/strong><\/p>\n\n\n\n<p>Abbonamento (posti limitati)<br>60 \u20ac + d.p. sui circuiti di vendita abituali<a rel=\"noreferrer noopener\" target=\"_blank\" href=\"http:\/\/www.mailticket.it\/\">&nbsp;<\/a><a rel=\"noreferrer noopener\" target=\"_blank\" href=\"http:\/\/www.mailticket.it\/\">www.mailticket.it<\/a>&nbsp;e<a rel=\"noreferrer noopener\" target=\"_blank\" href=\"http:\/\/www.dice.fm\/\">&nbsp;<\/a><a rel=\"noreferrer noopener\" target=\"_blank\" href=\"http:\/\/www.dice.fm\/\">www.dice.fm<\/a><\/p>\n\n\n\n<p>Ingresso singole giornate<br>25 \u20ac + d.p. sui circuiti<a rel=\"noreferrer noopener\" target=\"_blank\" href=\"http:\/\/www.ticketone.it\/\">&nbsp;<\/a><a rel=\"noreferrer noopener\" target=\"_blank\" href=\"http:\/\/www.ticketone.it\/\">www.ticketone.it<\/a><a rel=\"noreferrer noopener\" target=\"_blank\" href=\"http:\/\/www.mailticket.it\/\">&nbsp;<\/a><a rel=\"noreferrer noopener\" target=\"_blank\" href=\"http:\/\/www.mailticket.it\/\">www.mailticket.it<\/a>&nbsp;e<a rel=\"noreferrer noopener\" target=\"_blank\" href=\"http:\/\/www.dice.fm\/\">&nbsp;<\/a><a rel=\"noreferrer noopener\" target=\"_blank\" href=\"http:\/\/www.dice.fm\/\">www.dice.fm<\/a><\/p>\n","protected":false},"excerpt":{"rendered":"<p>Estate 2024. Continua la storia di uno dei festival pi\u00f9 longevi della musica italiana,&nbsp;APOLIDE FESTIVAL, che superati gli ostacoli, evolve ancora una volta, in&nbsp;un processo continuo, e raggiunge la&nbsp;Citt\u00e0 simbolo del Canavese, Ivrea, inaugurando cos\u00ec una nuova stagione nell'estate eporediese.&nbsp; MOTTA, COSMO e EX-OTAGO, sono i primi tra i grandi nomi degli artisti ospiti di [&hellip;]<\/p>\n","protected":false},"author":7,"featured_media":18745,"comment_status":"open","ping_status":"open","sticky":false,"template":"","format":"standard","meta":{"_acf_changed":false,"_monsterinsights_skip_tracking":false,"_monsterinsights_sitenote_active":false,"_monsterinsights_sitenote_note":"","_monsterinsights_sitenote_category":0,"footnotes":""},"categories":[190],"tags":[],"class_list":["post-18744","post","type-post","status-publish","format-standard","has-post-thumbnail","hentry","category-eventi"],"acf":[],"_links":{"self":[{"href":"https:\/\/shopinthecity.it\/torino\/wp-json\/wp\/v2\/posts\/18744","targetHints":{"allow":["GET"]}}],"collection":[{"href":"https:\/\/shopinthecity.it\/torino\/wp-json\/wp\/v2\/posts"}],"about":[{"href":"https:\/\/shopinthecity.it\/torino\/wp-json\/wp\/v2\/types\/post"}],"author":[{"embeddable":true,"href":"https:\/\/shopinthecity.it\/torino\/wp-json\/wp\/v2\/users\/7"}],"replies":[{"embeddable":true,"href":"https:\/\/shopinthecity.it\/torino\/wp-json\/wp\/v2\/comments?post=18744"}],"version-history":[{"count":0,"href":"https:\/\/shopinthecity.it\/torino\/wp-json\/wp\/v2\/posts\/18744\/revisions"}],"wp:featuredmedia":[{"embeddable":true,"href":"https:\/\/shopinthecity.it\/torino\/wp-json\/wp\/v2\/media\/18745"}],"wp:attachment":[{"href":"https:\/\/shopinthecity.it\/torino\/wp-json\/wp\/v2\/media?parent=18744"}],"wp:term":[{"taxonomy":"category","embeddable":true,"href":"https:\/\/shopinthecity.it\/torino\/wp-json\/wp\/v2\/categories?post=18744"},{"taxonomy":"post_tag","embeddable":true,"href":"https:\/\/shopinthecity.it\/torino\/wp-json\/wp\/v2\/tags?post=18744"}],"curies":[{"name":"wp","href":"https:\/\/api.w.org\/{rel}","templated":true}]}}