{"id":18794,"date":"2024-04-12T14:12:10","date_gmt":"2024-04-12T12:12:10","guid":{"rendered":"https:\/\/shopinthecity.it\/torino\/?p=18794"},"modified":"2024-04-12T14:12:13","modified_gmt":"2024-04-12T12:12:13","slug":"nontiscordardime-ivan-fassio-in-tre-anni-di-bellezza-condivisa","status":"publish","type":"post","link":"https:\/\/shopinthecity.it\/torino\/nontiscordardime-ivan-fassio-in-tre-anni-di-bellezza-condivisa\/","title":{"rendered":"Nont\u00ecscord\u00e0rdim\u00e9: Ivan Fassio in tre anni di bellezza condivisa"},"content":{"rendered":"\n<p>A cosa serve la poesia? Cosa resta dell'opera dell'artista dopo la sua morte?<br>Sabato 20 aprile alle 21, al Circolo dei Lettori di Torino, ci sar\u00e0 una serata di flusso di coscienza collettivo con artisti, poeti e musicisti. per raccontare la visione artistica di <strong>Ivan Fassio <\/strong>(1979 - 2020), poeta, performer e critico d'arte, molto attivo a Torino e Piemonte dove gestiva <strong>Spazio Parentesi, <\/strong>un luogo di contaminazione, che continua a germinare anche in sua assenza.<\/p>\n\n\n\n<p>Il libro <strong>Nont\u00ecscord\u00e0rdim\u00e9<\/strong>, pubblicato postumo nel 2021 (El Doctor Sax) \u00e8 stato generatore di eventi, incontri, di uno <strong>speakers' corner <\/strong>permanente nella citt\u00e0 di Torino, e perfino di un <strong>festival annuale ad Agliano Terme (AT) <\/strong>(Terza edizione 4 maggio 2024).<\/p>\n\n\n\n<p>Nont\u00ecscord\u00e0rdim\u00e9 non \u00e8 solo una raccolta di poesia, ma anche una raccolta di incontri, di persone, di destini che si incrociano; \u00e8 una promessa di continuit\u00e0.<br>Una linea sottile tra l'esserci e il non esserci, tra l'essere visti e il non essere visti.<\/p>\n\n\n\n<p>Moderano la serata <strong>Luca Greco <\/strong>(di <em>Fatti e Fabulae<\/em>) e <strong>Laura Callari <\/strong>(curatrice del libro).<br>Letture, video e performance musicali con <strong>Andrea Cavallo<\/strong>, <strong>FanniDada<\/strong>, <strong>Maria Messina<\/strong>, <strong>Cetty di Forti <\/strong>e tanti altri. Ospite speciale <strong>Luca Ragagnin.<\/strong><\/p>\n\n\n\n<p><strong>van Fassio <\/strong>\u00e8 nato ad Asti il 24 dicembre 1979 ed \u00e8 morto a Torino il 28 luglio 2020. Laureato in Lettere all'Universit\u00e0 di Torino, ha dedicato la sua vita alla poesia, alla letteratura, all'arte contemporanea e performativa, all'editoria. \u00c8 stato ideatore e animatore di Spazio Parentesi a Torino, libero luogo di esposizione, condivisione e presentazione di progetti artistici e letterari contemporanei. La sua attivit\u00e0 si \u00e8 svolta principalmente a Torino e in Piemonte, ma anche a Genova, Bologna e Milano.<\/p>\n\n\n\n<p>Gli artisti e amici che lo hanno conosciuto e che hanno avuto la fortuna di collaborare con lui negli anni, hanno deciso di creare un archivio e di portare avanti il suo progetto e la sua visione per creare eventi culturali e performativi, valorizzarne la vasta produzione artistica e poetica, con materiale edito e inedito<\/p>\n\n\n\n<p>Le poesie contenute in questo libro sono state scritte da Fassio tra il 2014 e il 2020, periodo che mostra una grande evoluzione tecnica e stilistica rispetto alla sua prima raccolta, gi\u00e0 notevole, risalente al 2012.<\/p>\n\n\n\n<p><strong>Nont\u00ecscord\u00e0rdim\u00e9 <\/strong>ha iniziato a prendere forma nel 2019 ma purtroppo non \u00e8 stato concluso dall'autore a causa di una malattia.<br>Delle indicazioni dettagliate lasciate per iscritto e altre mille eventi non riassumibili in poche righe, hanno permesso alla sua compagna Laura Callari di concludere il lavoro postumo, su richiesta dello stesso Ivan, restando il pi\u00f9 possibile fedele alla matrice originaria del progetto.<\/p>\n","protected":false},"excerpt":{"rendered":"<p>A cosa serve la poesia? Cosa resta dell'opera dell'artista dopo la sua morte?Sabato 20 aprile alle 21, al Circolo dei Lettori di Torino, ci sar\u00e0 una serata di flusso di coscienza collettivo con artisti, poeti e musicisti. per raccontare la visione artistica di Ivan Fassio (1979 - 2020), poeta, performer e critico d'arte, molto attivo [&hellip;]<\/p>\n","protected":false},"author":7,"featured_media":18795,"comment_status":"open","ping_status":"open","sticky":false,"template":"","format":"standard","meta":{"_acf_changed":false,"_monsterinsights_skip_tracking":false,"_monsterinsights_sitenote_active":false,"_monsterinsights_sitenote_note":"","_monsterinsights_sitenote_category":0,"footnotes":""},"categories":[190],"tags":[],"class_list":["post-18794","post","type-post","status-publish","format-standard","has-post-thumbnail","hentry","category-eventi"],"acf":[],"_links":{"self":[{"href":"https:\/\/shopinthecity.it\/torino\/wp-json\/wp\/v2\/posts\/18794","targetHints":{"allow":["GET"]}}],"collection":[{"href":"https:\/\/shopinthecity.it\/torino\/wp-json\/wp\/v2\/posts"}],"about":[{"href":"https:\/\/shopinthecity.it\/torino\/wp-json\/wp\/v2\/types\/post"}],"author":[{"embeddable":true,"href":"https:\/\/shopinthecity.it\/torino\/wp-json\/wp\/v2\/users\/7"}],"replies":[{"embeddable":true,"href":"https:\/\/shopinthecity.it\/torino\/wp-json\/wp\/v2\/comments?post=18794"}],"version-history":[{"count":0,"href":"https:\/\/shopinthecity.it\/torino\/wp-json\/wp\/v2\/posts\/18794\/revisions"}],"wp:featuredmedia":[{"embeddable":true,"href":"https:\/\/shopinthecity.it\/torino\/wp-json\/wp\/v2\/media\/18795"}],"wp:attachment":[{"href":"https:\/\/shopinthecity.it\/torino\/wp-json\/wp\/v2\/media?parent=18794"}],"wp:term":[{"taxonomy":"category","embeddable":true,"href":"https:\/\/shopinthecity.it\/torino\/wp-json\/wp\/v2\/categories?post=18794"},{"taxonomy":"post_tag","embeddable":true,"href":"https:\/\/shopinthecity.it\/torino\/wp-json\/wp\/v2\/tags?post=18794"}],"curies":[{"name":"wp","href":"https:\/\/api.w.org\/{rel}","templated":true}]}}