{"id":18798,"date":"2024-04-12T14:21:54","date_gmt":"2024-04-12T12:21:54","guid":{"rendered":"https:\/\/shopinthecity.it\/torino\/?p=18798"},"modified":"2024-04-12T14:21:56","modified_gmt":"2024-04-12T12:21:56","slug":"giornata-della-terra-a-torino-con-nina-zilli-e-gli-eiffel-65","status":"publish","type":"post","link":"https:\/\/shopinthecity.it\/torino\/giornata-della-terra-a-torino-con-nina-zilli-e-gli-eiffel-65\/","title":{"rendered":"Giornata della Terra a Torino con Nina Zilli e gli Eiffel 65"},"content":{"rendered":"\n<p><strong>Workshop, talk, laboratori, spettacoli, esibizioni e mostre<\/strong>. Ricco e molto variegato il palinsesto della \u201c<strong>Giornata della Terra Torino\u201d <\/strong>che si svolger\u00e0 <strong>sabato 20 aprile<\/strong>, <strong>dalle 9 alle 24, <\/strong>nella meravigliosa cornice dei <strong>Musei Reali <\/strong>e che regaler\u00e0 al visitatore una giornata <strong>immersiva ed esperienziale <\/strong>per permettergli di avvicinarsi alle tematiche legate alla sostenibilit\u00e0 sociale ed ambientale.<\/p>\n\n\n\n<p>La manifestazione \u2013 organizzata e promossa a Torino da <strong>AWorld<\/strong><strong>1 <\/strong>e <strong>Club Silencio<\/strong><strong>2<\/strong>, con il sostegno di <strong>Fondazione Compagnia di San Paolo<\/strong><strong>3 <\/strong>- offrir\u00e0 <strong>oltre 15 ore di attivit\u00e0 ed intrattenimento no-stop <\/strong>dedicate all\u2019ambiente e alle buone pratiche green.<\/p>\n\n\n\n<p>Numerose le proposte di <strong>entertainment <\/strong>che prenderanno il via, alle ore 13.00, con la live performance di <strong>Domenico Urban Drummer <\/strong>(in collaborazione con <em>Iren<\/em>) che coinvolger\u00e0 il pubblico in un\u2019esperienza musicale unica nel suo genere trasformando <strong>oggetti insoliti in strumenti musicali<\/strong>, creando sinfonie irresistibili di ritmi e gag.<\/p>\n\n\n\n<p>Alle 13.30, al Teatro Romano, <strong>Umberto Stefanelli, <\/strong>fotografo italiano di fama internazionale (in collaborazione con <em>The Unique Magazine<\/em>) presenter\u00e0 una videoproiezione che tra immagini, suoni e parole far\u00e0 riflettere sulla necessit\u00e0 di cambiamento delle nostre citt\u00e0, ormai considerate \u2018luoghi non luoghi\u2019 dove oggi la mano dell\u2019uomo si impone senza riflettere.<\/p>\n\n\n\n<p>Alle ore 15.30 torna protagonista la musica con l\u2019incursione, in Piazzetta Reale, della <strong>Jazz Street Parade <\/strong>(in collaborazione con il <em>Torino Jazz Festival<\/em>). La tradizionale <strong>marching band di New Orleans<\/strong>, in un processo di improvvisazione collettiva in cui rientrano tutti gli stili musicali, dal dixieland all\u2019r&amp;b, dal cool al free, fino allo swing e al funk, intratterr\u00e0 e sorprender\u00e0 il pubblico presente.<\/p>\n\n\n\n<p>A seguire, presso il <strong>Teatro Romano<\/strong>, alle ore 16.30 sar\u00e0 il momento dello <strong>spettacolo <\/strong>\u201c<strong>Le parole della Salute Circolare<\/strong>\u201d - promosso da Fondazione Compagnia di San Paolo - che vedr\u00e0 protagonista la virologa &amp; Senior Fellow of Global Health alla Johns Hopkins University <strong>Ilaria Capua <\/strong>che, per la prima volta a Torino, in duo con <strong>Lodo Guenzi <\/strong>accompagner\u00e0 il pubblico in un viaggio nel tempo e nelle parole della divulgazione scientifica.<\/p>\n\n\n\n<p>In finale di giornata, alle ore 18.45, invece, il teatro si trasformer\u00e0 in un suggestivo palco sul quale svetter\u00e0 il pianoforte di <strong>Alessandro Martire<\/strong>, il \u201cpianista della natura\u201d, noto per i suoi eccezionali progetti musicali che lo hanno portato ad esibirsi in contesti insoliti ed esclusivi. Un concerto solo piano che esalter\u00e0 la natura del luogo tramite composizioni eccezionali e durante il quale sar\u00e0 anche suonata \u201cThe future of nature\u201d, presentata a Dicembre \u201923 in occasione di Cop28 a Dubai.<\/p>\n\n\n\n<p>Al calar del sole, quando la <strong>Mole <\/strong>si illuminer\u00e0 completamente di verde, sul main stage si proietter\u00e0 il video della performance UUUUDUM di <strong>Luca Lagash <\/strong>dei Marlene Kunts, realizzata all\u2019alba all\u2019interno dell\u2019<strong>Area Scultorea di MOG <\/strong>(Morgana Orsetta Ghini) installata nel Diversity&amp;Inclusion Hub con la regia di Michele Piazza in collaborazione con Sergey Prokofyev ed eseguita utilizzando gli amplificatori realizzati in fibra naturale di GR Bass.<\/p>\n\n\n\n<p>Alle 18.00 si accenderanno i riflettori su <strong>Piazzetta Reale <\/strong>per lanciare con ancora pi\u00f9 forza il messaggio \u201c<em>Un clima di cambiamento pu\u00f2 cambiare il cambiamento del clima<\/em>\u201d. Il palco, sotto la direzione artistica di Alessandro Rocchetti4, si animer\u00e0 con uno speciale <strong>live <\/strong>che, con la conduzione di Eugenio Cesaro, vedr\u00e0 tra gli artisti anche <strong>Nina Zilli, Danti, Eiffel65, Ex-Otago, I Moderni, Pietro Morello e Max Casacci<\/strong>.<\/p>\n\n\n\n<p><strong>Location<\/strong>: Musei Reali e Giardini Reali <strong>Orari<\/strong>: 9.00\/24.00<\/p>\n\n\n\n<p>L\u2019accesso al Teatro Romano, ad alcuni workshop e laboratori, ed al concerto, sono consentiti solo <strong>previa prenotazione<\/strong>.<\/p>\n\n\n\n<p>Tutte le informazioni sul sito www.giornatadellaterra.it<\/p>\n","protected":false},"excerpt":{"rendered":"<p>Workshop, talk, laboratori, spettacoli, esibizioni e mostre. Ricco e molto variegato il palinsesto della \u201cGiornata della Terra Torino\u201d che si svolger\u00e0 sabato 20 aprile, dalle 9 alle 24, nella meravigliosa cornice dei Musei Reali e che regaler\u00e0 al visitatore una giornata immersiva ed esperienziale per permettergli di avvicinarsi alle tematiche legate alla sostenibilit\u00e0 sociale ed [&hellip;]<\/p>\n","protected":false},"author":7,"featured_media":18799,"comment_status":"open","ping_status":"open","sticky":false,"template":"","format":"standard","meta":{"_acf_changed":false,"_monsterinsights_skip_tracking":false,"_monsterinsights_sitenote_active":false,"_monsterinsights_sitenote_note":"","_monsterinsights_sitenote_category":0,"footnotes":""},"categories":[190],"tags":[],"class_list":["post-18798","post","type-post","status-publish","format-standard","has-post-thumbnail","hentry","category-eventi"],"acf":[],"_links":{"self":[{"href":"https:\/\/shopinthecity.it\/torino\/wp-json\/wp\/v2\/posts\/18798","targetHints":{"allow":["GET"]}}],"collection":[{"href":"https:\/\/shopinthecity.it\/torino\/wp-json\/wp\/v2\/posts"}],"about":[{"href":"https:\/\/shopinthecity.it\/torino\/wp-json\/wp\/v2\/types\/post"}],"author":[{"embeddable":true,"href":"https:\/\/shopinthecity.it\/torino\/wp-json\/wp\/v2\/users\/7"}],"replies":[{"embeddable":true,"href":"https:\/\/shopinthecity.it\/torino\/wp-json\/wp\/v2\/comments?post=18798"}],"version-history":[{"count":0,"href":"https:\/\/shopinthecity.it\/torino\/wp-json\/wp\/v2\/posts\/18798\/revisions"}],"wp:featuredmedia":[{"embeddable":true,"href":"https:\/\/shopinthecity.it\/torino\/wp-json\/wp\/v2\/media\/18799"}],"wp:attachment":[{"href":"https:\/\/shopinthecity.it\/torino\/wp-json\/wp\/v2\/media?parent=18798"}],"wp:term":[{"taxonomy":"category","embeddable":true,"href":"https:\/\/shopinthecity.it\/torino\/wp-json\/wp\/v2\/categories?post=18798"},{"taxonomy":"post_tag","embeddable":true,"href":"https:\/\/shopinthecity.it\/torino\/wp-json\/wp\/v2\/tags?post=18798"}],"curies":[{"name":"wp","href":"https:\/\/api.w.org\/{rel}","templated":true}]}}