{"id":18823,"date":"2024-04-18T11:26:01","date_gmt":"2024-04-18T09:26:01","guid":{"rendered":"https:\/\/shopinthecity.it\/torino\/?p=18823"},"modified":"2024-04-18T11:26:39","modified_gmt":"2024-04-18T09:26:39","slug":"lives-lopera-di-maurizio-cattelan-raccontata-e-musicata-da-nicolas-ballario-e-rodrigo-derasmo-a-mercato-centrale-torino","status":"publish","type":"post","link":"https:\/\/shopinthecity.it\/torino\/lives-lopera-di-maurizio-cattelan-raccontata-e-musicata-da-nicolas-ballario-e-rodrigo-derasmo-a-mercato-centrale-torino\/","title":{"rendered":"LIVES - L'opera di Maurizio Cattelan raccontata da Nicolas Ballario e Rodrigo D\u2019Erasmo a Mercato Centrale Torino\u00a0"},"content":{"rendered":"\n<p><em>Il 2024 \u00e8 l\u2019anno di Mercato Centrale che dieci anni fa ha dato il via alla sua avventura a Firenze e che oggi conta quattro sedi nelle principali citt\u00e0 italiane (Firenze, Roma, Torino e Milano) oltre ad un secondo format \u201cAi Banchi del Mercato Centrale\u201d.<\/em><\/p>\n\n\n\n<p>Tra i tanti appuntamenti che animeranno <strong>Mercato Centrale Torino dal 19 al 21 aprile<\/strong> per la prima grande festa per i dieci anni del format, <strong>sabato 20 aprile, alle ore 22<\/strong>, l'appuntamento \u00e8 con<strong> LIVES, performance artistico-musicale curata da Nicolas Ballario<\/strong> (esperto d\u2019arte contemporanea, volto di Sky Arte e voce di Radio Rai1) <strong>e Rodrigo D\u2019Erasmo <\/strong>(polistrumentista, compositore e membro degli Afterhours) con<strong> Enrico Gabrielli<\/strong> (polistrumentista e compositore, membro dei Calibro 35) che mettono in scena uno spettacolo sui generis, dove mostrano le opere spiegandone i dettagli e tra parole e musica svelando il \u201cdietro le quinte\u201d di giganti come Jean-Michel Basquiat, Frida Kahlo, Yayoi Kusama, Louise Bourgeois, Keith Haring, Yoko Ono e molti altri. <\/p>\n\n\n\n<p>Un romanzo musicale d'arte, realizzato dal vivo tra suono e racconto, che ha preso vita da Germi e ora, dato l\u2019alto tasso di contaminazione, sta facendo un tour in festival, club e teatri: adesso sbarca al Mercato centrale di Torino dove protagonisti saranno la funambolica vita e l'irresistibile opera di Maurizio Cattelan. L'appuntamento, inserito all'interno della grande festa torinese per i dieci anni di Mercato Centrale, \u00e8 a ingresso gratuito fino a esaurimento posti (prenotazione a questo link). <\/p>\n\n\n\n<h2 class=\"wp-block-heading\">La festa torinese per i dieci anni di Mercato Centrale <\/h2>\n\n\n\n<p>L'appuntamento per lo spegnimento delle candeline \u00e8 per il <strong>19 aprile 2024, con una grande festa gratuita e aperta al pubblico <\/strong>che invader\u00e0 Porta Palazzo e tutte le botteghe del Mercato Centrale Torino, che si trasformeranno per tutto il weekend in un hub artistico, musicale e culturale. <\/p>\n\n\n\n<h2 class=\"wp-block-heading\">Venerd\u00ec 19 aprile: la grande festa (gratuita) di Mercato Centrale Torino <\/h2>\n\n\n\n<p>Musica, fotografia d'autore, djset, esperienze didattiche, talk e appuntamenti divertenti: c'\u00e8 davvero di tutto nella grande festa organizzata venerd\u00ec 19 aprile negli spazi del Mercato Centrale Torino. I festeggiamenti inizieranno - nella piazza esterna difronte all\u2019ingresso - con i suoni sempre coinvolgenti di Bandakadabra, che animer\u00e0 l'inizio della serata accompagnando i visitatori all'interno del Mercato. Spazio poi, nel corso della serata, per performance itineranti, come quella del<strong> Mentalista Emanuele Spina<\/strong>, che girer\u00e0 tra i tavoli leggendo nelle menti degli ospiti di Mercato, o quella della <strong>Cartomante Alice Mastroleo in arte Soloredie<\/strong> e della live painting degli street artist de Il Cerchio e le Gocce. <\/p>\n\n\n\n<p>Al primo piano, dalle 18 alle 23, ci sar\u00e0 la Bottega d\u2019Autore del celebre fotografo S<strong>ettimio Benedusi, con il suo progetto Ricordi Stampati \u2013 Fotografia Popolare<\/strong>, che realizzer\u00e0 una serie di ritratti fotografici a chiunque vorr\u00e0 partecipare. Le attivit\u00e0 proseguono con le Blind Experience organizzate dagli esperti di Essenti\u00e0lia che accompagner\u00e0 i partecipanti in un percorso olfattivo volto alla creazione della propria essenza. <\/p>\n\n\n\n<p>Musica, intrattenimento, dj set animeranno la serata: alle ore 21 in Spazio Fare il concerto \"Incursioni musicali sulla cultura della sostenibilit\u00e0\" a cura del musicista Peppe Voltarelli e il professor Silvio Greco, esperto di sostenibilit\u00e0 ed economia circolare. Si prosegue con un grande momento di spettacolo alle ore 22, quando<strong> Bandakadabra <\/strong>riprender\u00e0 a suonare e accompagner\u00e0 il pubblico all'esterno di Mercato Centrale Torino. Lo spettacolo all'aperto,<strong> previsto alle ore 22 di venerd\u00ec 19, vedr\u00e0 dunque partecipare Willie Peyote in qualit\u00e0 di ospite a sorpresa<\/strong> con alcune delle sue canzoni, all'interno della performance della Bandakadabra (che animer\u00e0 la serata a partire dalle 18), seguita dal DJ set di Riva Starr, celebre beatmaker della scena musicale elettronica internazionale. <\/p>\n\n\n\n<h2 class=\"wp-block-heading\">DISQUISITO: IL PRIMO FESTIVAL DI MERCATO CENTRALE A TORINO <\/h2>\n\n\n\n<p>Il venerd\u00ec 19 aprile segna anche l\u2019inizio di Disquisito, il primo festival di Mercato Centrale, nato per accendere la curiosit\u00e0 e far decantare nuovi punti di vista sul mondo del cibo. Realizzato in collaborazione con Linkiesta Gastronomika e Il Post, a cura di Luca Sofri e Anna Prandoni, la tre giorni sar\u00e0 divisa in tre sezioni, ognuna con un differente obiettivo e un modo diverso di raccontare l\u2019enogastronomia italiana, per poter coinvolgere tutti con oltre 47 eventi tra talk, formazione ed esperienze dirette ed incisive. <\/p>\n\n\n\n<p>Un evento che vuole fare il punto sul settore agroalimentare, passando da momenti di discussione e di dialogo tra esperti del settore e riflessioni con personaggi del mondo della cultura, fino ad arrivare all\u2019opportunit\u00e0 per il pubblico di vivere il mondo del cibo e del vino in maniera pi\u00f9 partecipe e divertente, con degustazioni al buio, laboratori e masterclass. <\/p>\n\n\n\n<p>Tutto nello spirito de Linkiesta Gastronomika, che ha l\u2019obiettivo di creare una narrazione e una cronaca nuova e diversa sul settore agroalimentare, e del Post, con la sua modalit\u00e0 \u201cspiegata bene\u201d.\u00a0Tra i nomi che si alterneranno sul palco di Disquisito Martina Bonci, Roberta Ceretto, Elsa Fornero, Mateja Gravner, Marco Ambrosino, Marco Bianchi, Alberto Grandi, Silvio Greco, Neri Marcor\u00e9, Stefano Nazzi, Michele Serra, Walter Veltroni, \u00c8 possibile scoprire il programma completo ed iscriversi agli eventi totalmente gratuiti sul sito <a href=\"https:\/\/diecianni.mercatocentrale.it \">https:\/\/diecianni.mercatocentrale.it <\/a><\/p>\n\n\n\n<p>Ma le sorprese non finiscono qui, durante tutte le giornate del festival dal mattino sino a sera - al primo piano \u2013 sar\u00e0 attiva la<strong> \"Bottega del ritratto fotografico d\u2019Autore\"<\/strong> del maestro Settimio Benedusi con il suo progetto Ricordi Stampati \u2013 Fotografia Popolare e nella serata di sabato 20 aprile Spazio Fare - al secondo - piano sar\u00e0 animato da due momenti speciali: alle 21 esibizione musicale \u201cVoleva fare l'artista - Peppe Voltarelli canta e racconta Domenico Modugno\u201d e alle 22 sempre in Spazio Fare, Mercato Centrale ospiter\u00e0 il celebre spettacolo <strong>\u201cLIVES\u201d a cura dell\u2019esperto d\u2019arte contemporanea Nicolas Ballario e del polistrumentista e membro degli Afterhours Rodrigo d\u2019Erasmo<\/strong> per un\u2019 esibizione di musica e parole che narrer\u00e0 la vita straordinaria e le opere di uno degli artisti italiani pi\u00f9 famosi e amati nella scena dell\u2019arte contemporanea:\u00a0Maurizio Cattelan.<\/p>\n","protected":false},"excerpt":{"rendered":"<p>Il 2024 \u00e8 l\u2019anno di Mercato Centrale che dieci anni fa ha dato il via alla sua avventura a Firenze e che oggi conta quattro sedi nelle principali citt\u00e0 italiane (Firenze, Roma, Torino e Milano) oltre ad un secondo format \u201cAi Banchi del Mercato Centrale\u201d. Tra i tanti appuntamenti che animeranno Mercato Centrale Torino dal [&hellip;]<\/p>\n","protected":false},"author":7,"featured_media":18824,"comment_status":"open","ping_status":"open","sticky":false,"template":"","format":"standard","meta":{"_acf_changed":false,"_monsterinsights_skip_tracking":false,"_monsterinsights_sitenote_active":false,"_monsterinsights_sitenote_note":"","_monsterinsights_sitenote_category":0,"footnotes":""},"categories":[190],"tags":[],"class_list":["post-18823","post","type-post","status-publish","format-standard","has-post-thumbnail","hentry","category-eventi"],"acf":[],"_links":{"self":[{"href":"https:\/\/shopinthecity.it\/torino\/wp-json\/wp\/v2\/posts\/18823","targetHints":{"allow":["GET"]}}],"collection":[{"href":"https:\/\/shopinthecity.it\/torino\/wp-json\/wp\/v2\/posts"}],"about":[{"href":"https:\/\/shopinthecity.it\/torino\/wp-json\/wp\/v2\/types\/post"}],"author":[{"embeddable":true,"href":"https:\/\/shopinthecity.it\/torino\/wp-json\/wp\/v2\/users\/7"}],"replies":[{"embeddable":true,"href":"https:\/\/shopinthecity.it\/torino\/wp-json\/wp\/v2\/comments?post=18823"}],"version-history":[{"count":0,"href":"https:\/\/shopinthecity.it\/torino\/wp-json\/wp\/v2\/posts\/18823\/revisions"}],"wp:featuredmedia":[{"embeddable":true,"href":"https:\/\/shopinthecity.it\/torino\/wp-json\/wp\/v2\/media\/18824"}],"wp:attachment":[{"href":"https:\/\/shopinthecity.it\/torino\/wp-json\/wp\/v2\/media?parent=18823"}],"wp:term":[{"taxonomy":"category","embeddable":true,"href":"https:\/\/shopinthecity.it\/torino\/wp-json\/wp\/v2\/categories?post=18823"},{"taxonomy":"post_tag","embeddable":true,"href":"https:\/\/shopinthecity.it\/torino\/wp-json\/wp\/v2\/tags?post=18823"}],"curies":[{"name":"wp","href":"https:\/\/api.w.org\/{rel}","templated":true}]}}