{"id":18895,"date":"2024-05-20T16:41:06","date_gmt":"2024-05-20T14:41:06","guid":{"rendered":"https:\/\/shopinthecity.it\/torino\/?p=18895"},"modified":"2024-05-20T16:41:08","modified_gmt":"2024-05-20T14:41:08","slug":"a-usseglio-arriva-la-mostra-nazionale-della-toma-di-lanzo","status":"publish","type":"post","link":"https:\/\/shopinthecity.it\/torino\/a-usseglio-arriva-la-mostra-nazionale-della-toma-di-lanzo\/","title":{"rendered":"A Usseglio arriva la Mostra Nazionale della Toma di Lanzo"},"content":{"rendered":"\n<p>Usseglio scalda i motori e si prepara alla 28 a edizione della <strong>Mostra Nazionale della Toma di Lanzo e dei formaggi di alpeggio<\/strong>. Come ogni anno, fervono i preparativi per ripetere il successo di una manifestazione che rientra tra gli appuntamenti pi\u00f9 prestigiosi del Piemonte agricolo. Festa simbolo dell\u2019estate, la <strong>Mostra <\/strong>si svolge nei due fine settimana centrali di luglio (12\/07\/2024, 13\/07\/2024, 14\/07\/2024, 20\/07\/2024 e 21\/07\/2024) e per cinque giorni il comune di Usseglio si trasforma in una kermesse gastronomica a cielo aperto, con la Toma di Lanzo e i formaggi d\u2019alpeggio al centro di una tavolozza golosa.<\/p>\n\n\n\n<p><strong>Usseglio<\/strong>, in alta Val di Vi\u00f9, nelle Valli di Lanzo sorge a 1265 mt di altitudine su un ampio pianoro. Per inquadrare l\u2019evento bastano pochi numeri: l'area interessata copre una superficie di 3500 mq di cui 1500 coperti con oltre 6000 mq adibiti a parcheggio. Circa 200 sono gli abitanti censiti nel comune montano ma la rassegna porta pi\u00f9 di 20.000 visitatori nei cinque giorni di eventi.<\/p>\n\n\n\n<p>Le produzioni agricole di montagna sono al centro dell\u2019attenzione, con la Toma di Lanzo e i formaggi d\u2019alpeggio al cuore della festa ma con il contorno importante di tante altre prelibatezze delle montagne locali (salame di turgia, lardo, mocetta, miele ...) ma non solo. Il tutto abbinato a prelibati vini e birre artigianali piemontesi.<\/p>\n\n\n\n<p>La proposta degli eventi \u00e8 variegata, tale da soddisfare i palati pi\u00f9 disparati anche se tutti accomunati dal buon gusto, quello dele cose genuine, spesso di territori marginali che senza queste produzioni vedrebbero scomparire insediamenti umani e di conseguenza tradizioni millenarie che rimangono fondamentali e che potranno soddisfare grandi e piccini, valligiani e cittadini, residenti e turisti. Gli amanti della montagna e della buona tavola potranno godersiquesta caratteristica manifestazione, andando alla scoperta della cultura e dei sapori locali, della natura incontaminata e dei paesaggi unici di questo territorio.<\/p>\n\n\n\n<p>Organizzata dal <strong>Comune <\/strong>e dalla <strong>Pro Loco di Usseglio<\/strong>, la <strong>Mostra Nazionale <\/strong>vanta un programma che non trascura nessuna attivit\u00e0 atta a promuovere la montagna, la sua popolazione, la sua storia e i suoi prodotti. Passeggiate, percorsi a cavallo o pony, visite, lezioni, spettacoli, show cooking, laboratori per grandi e piccini, incontri, cene, degustazioni guidate che avvicinano alla Natura, alle montagne e alle attivit\u00e0 di territori non scontati ma amati e apprezzati. La <strong>Mostra Mercato <\/strong>\u00e8 il perno della kermesse che si arricchisce di tante altre proposte che nascono per comunicare un territorio e le sue produzioni, fotografie dinamiche di un mondo che non deve scomparire e che pu\u00f2 sopravvivere anche grazie ad eventi come questo.<\/p>\n\n\n\n<p>In contemporanea, come sempre: <strong>Fattoria in fiera<\/strong>, sotto il cui cappello si propongono la <strong>Mostra bovina, ovina e caprina di razze alpine <\/strong>e quella di <strong>animali da cortile<\/strong>. A corredo del ricco programma dove le eccellenze enogastronomiche sono dominanti, non vanno comunque scordate le attivit\u00e0 musicali e culturali che rafforzeranno ulteriormente la sinergia di una terra che si propone con tutte le sue ricchezze, sfumature e sorprese.<\/p>\n\n\n\n<p> Come gi\u00e0 avvenuto negli scorsi anni, ancora di pi\u00f9 in questa edizione 2024, si punter\u00e0 sull\u2019integrazione tra attivit\u00e0, tra attori dell\u2019economia montana e cittadina: pasticceri, cioccolatieri, chef e cuochi le cui professionalit\u00e0 si uniranno nel nome delle materie prime genuine, semplici ma essenziali, figlie di un\u2019agricoltura che testimonia il tempo che fu e che traghetta nel futuro. Immancabile, ormai, la maxi risottata che con una padella di circa 2 metri di diametro e la scontata mantecatura alla Toma di Lanzo, vedr\u00e0 protagonista, un grande chef il cui nome verr\u00e0 svelato prossimamente.<\/p>\n\n\n\n<p>Coinvolgimento a 360 gradi del territorio con mostre e visite dei musei locali: Museo Civico Arnaldo Tazzetti ed Ex Confraternita di Lemie (Usseglio) e Museo d\u2019Arte Sacra di Vi\u00f9.<\/p>\n\n\n\n<p>La <strong>Corriera della Toma<\/strong>, anche in questa 28 a edizione, collegher\u00e0 Torino a Usseglio, creando un ideale e concreto collegamento tra il capoluogo regionale e la manifestazione.<\/p>\n\n\n\n<p>Nei prossimi giorni, seguiranno comunicati di presentazione del programma man mano che andr\u00e0 definendosi con precisione.<\/p>\n\n\n\n<p>Per rimanere collegato a quanto avviene a Usseglio e per informazioni sulla 28 a edizione della<\/p>\n\n\n\n<p><strong>Mostra Nazionale della Toma di Lanzo e dei formaggi di alpeggio:<\/strong><\/p>\n\n\n\n<p><a href=\"https:\/\/www.comune.usseglio.to.it\/\" target=\"_blank\" rel=\"noopener\">https:\/\/www.comune.usseglio.to.it\/<\/a><br><a href=\"https:\/\/www.turismousseglio.it\/\" target=\"_blank\" rel=\"noopener\">https:\/\/www.turismousseglio.it\/<\/a><br><\/p>\n\n\n\n<p><\/p>\n","protected":false},"excerpt":{"rendered":"<p>Usseglio scalda i motori e si prepara alla 28 a edizione della Mostra Nazionale della Toma di Lanzo e dei formaggi di alpeggio. Come ogni anno, fervono i preparativi per ripetere il successo di una manifestazione che rientra tra gli appuntamenti pi\u00f9 prestigiosi del Piemonte agricolo. Festa simbolo dell\u2019estate, la Mostra si svolge nei due [&hellip;]<\/p>\n","protected":false},"author":7,"featured_media":18896,"comment_status":"open","ping_status":"open","sticky":false,"template":"","format":"standard","meta":{"_acf_changed":false,"_monsterinsights_skip_tracking":false,"_monsterinsights_sitenote_active":false,"_monsterinsights_sitenote_note":"","_monsterinsights_sitenote_category":0,"footnotes":""},"categories":[190],"tags":[],"class_list":["post-18895","post","type-post","status-publish","format-standard","has-post-thumbnail","hentry","category-eventi"],"acf":[],"_links":{"self":[{"href":"https:\/\/shopinthecity.it\/torino\/wp-json\/wp\/v2\/posts\/18895","targetHints":{"allow":["GET"]}}],"collection":[{"href":"https:\/\/shopinthecity.it\/torino\/wp-json\/wp\/v2\/posts"}],"about":[{"href":"https:\/\/shopinthecity.it\/torino\/wp-json\/wp\/v2\/types\/post"}],"author":[{"embeddable":true,"href":"https:\/\/shopinthecity.it\/torino\/wp-json\/wp\/v2\/users\/7"}],"replies":[{"embeddable":true,"href":"https:\/\/shopinthecity.it\/torino\/wp-json\/wp\/v2\/comments?post=18895"}],"version-history":[{"count":0,"href":"https:\/\/shopinthecity.it\/torino\/wp-json\/wp\/v2\/posts\/18895\/revisions"}],"wp:featuredmedia":[{"embeddable":true,"href":"https:\/\/shopinthecity.it\/torino\/wp-json\/wp\/v2\/media\/18896"}],"wp:attachment":[{"href":"https:\/\/shopinthecity.it\/torino\/wp-json\/wp\/v2\/media?parent=18895"}],"wp:term":[{"taxonomy":"category","embeddable":true,"href":"https:\/\/shopinthecity.it\/torino\/wp-json\/wp\/v2\/categories?post=18895"},{"taxonomy":"post_tag","embeddable":true,"href":"https:\/\/shopinthecity.it\/torino\/wp-json\/wp\/v2\/tags?post=18895"}],"curies":[{"name":"wp","href":"https:\/\/api.w.org\/{rel}","templated":true}]}}