{"id":19067,"date":"2024-08-26T08:27:13","date_gmt":"2024-08-26T06:27:13","guid":{"rendered":"https:\/\/shopinthecity.it\/torino\/?p=19067"},"modified":"2024-08-26T08:27:16","modified_gmt":"2024-08-26T06:27:16","slug":"miriana-trevisan-madrina-di-bellezza-torinese","status":"publish","type":"post","link":"https:\/\/shopinthecity.it\/torino\/miriana-trevisan-madrina-di-bellezza-torinese\/","title":{"rendered":"Miriana Trevisan madrina di bellezza torinese"},"content":{"rendered":"\n<p>Dopo un lungo tour, siamo arrivati alla <strong>Finalissima di Miss Italia Piemonte e Valle D'Aosta<\/strong> che si svolger\u00e0 il <strong>28 agosto<\/strong> nella splendida cornice di <strong>Barbaresco<\/strong>, patrimonio dell'Unesco.<\/p>\n\n\n\n<p>Madrina della serata sar\u00e0 <strong>Miriana Trevisan,<\/strong> storica valletta tv, diventata oggi una splendida donna, mamma e scrittrice. Durante la sua carriera ha lavorato con <strong>Mike Bongiorno, Raimondo Vianello e Corrado<\/strong>: i grandi nomi della televisione italiana.<\/p>\n\n\n\n<p>Le finaliste giungeranno a Barbaresco gi\u00e0 dal mattino per trascorrere una giornata tra i vigneti e promuovere, con la loro bellezza, l\u2019unicit\u00e0 di un territorio che tutto il mondo ci invidia. Da qui, si passer\u00e0 alle prove, poich\u00e9 da quest'anno tutte le Miss sono impegnate in esibizioni di canto, di ballo e insieme interpreteranno <strong>\u201cGrease\u201d<\/strong> con tanto di look anni \u201950. A volere questa prova \u00e8 stata la stessa <strong>Mirella Rocca<\/strong>, agente regionale di Piemonte, Liguria e Valle d\u2019Aosta, che quest\u2019anno si \u00e8 resa promotrice anche di un\u2019altra rivoluzione storica per quanto riguarda le selezioni di Miss Italia, ossia, il look della sfilata non pi\u00f9 solo in costume da bagno ma in completo con camicia, cravatta e gonna nera. Un\u2019iniziativa apprezzatissima dalla stessa <strong>Patrizia Mirigliani<\/strong> che adotter\u00e0 la mise anche per la finale nazionale del concorso.<\/p>\n\n\n\n<p>La nuova Miss non deve essere solo bella ma deve possedere qualcosa in pi\u00f9: il talento. Chi vincer\u00e0 il titolo di <strong>Miss Piemonte<\/strong> e <strong>Miss Valle D'Aosta<\/strong> acceder\u00e0 alle Finali Nazionali e quindi direttamente all'Academy.<\/p>\n\n\n\n<p>A presentare la serata saranno come <strong>sempre Luca e Max di Poltronissima<\/strong>, attesa anche Miss Italia in carica <strong>Francesca Bergesio<\/strong>.<\/p>\n\n\n\n<p>\"Sono molto soddisfatta di come sono andate le selezioni anche quest'anno. Si tratta di un impegno che ti travolge la vita, ma \u00e8 bellissimo, \u00e8 un\u2019esperienza magica \u2013 racconta <strong>Mirella Rocca<\/strong> -.\u00a0<\/p>\n\n\n\n<p>La nostra regione ha registrato un numero elevato di iscrizioni e in molte tappe le ragazze sono state 50. Tutte\u00a0entusiaste e tutte con gli occhi pieni di sogni.\u00a0 Miss Italia \u00e8 il concorso pi\u00f9 amato dalle ragazze, il pi\u00f9 importante e, soprattutto, rappresenta un grande trampolino di lancio per coloro che vogliono entrare nel mondo dello spettacolo, del cinema, della moda\".<\/p>\n","protected":false},"excerpt":{"rendered":"<p>Dopo un lungo tour, siamo arrivati alla Finalissima di Miss Italia Piemonte e Valle D'Aosta che si svolger\u00e0 il 28 agosto nella splendida cornice di Barbaresco, patrimonio dell'Unesco. Madrina della serata sar\u00e0 Miriana Trevisan, storica valletta tv, diventata oggi una splendida donna, mamma e scrittrice. Durante la sua carriera ha lavorato con Mike Bongiorno, Raimondo [&hellip;]<\/p>\n","protected":false},"author":7,"featured_media":19068,"comment_status":"open","ping_status":"open","sticky":false,"template":"","format":"standard","meta":{"_acf_changed":false,"_monsterinsights_skip_tracking":false,"_monsterinsights_sitenote_active":false,"_monsterinsights_sitenote_note":"","_monsterinsights_sitenote_category":0,"footnotes":""},"categories":[85],"tags":[],"class_list":["post-19067","post","type-post","status-publish","format-standard","has-post-thumbnail","hentry","category-people"],"acf":[],"_links":{"self":[{"href":"https:\/\/shopinthecity.it\/torino\/wp-json\/wp\/v2\/posts\/19067","targetHints":{"allow":["GET"]}}],"collection":[{"href":"https:\/\/shopinthecity.it\/torino\/wp-json\/wp\/v2\/posts"}],"about":[{"href":"https:\/\/shopinthecity.it\/torino\/wp-json\/wp\/v2\/types\/post"}],"author":[{"embeddable":true,"href":"https:\/\/shopinthecity.it\/torino\/wp-json\/wp\/v2\/users\/7"}],"replies":[{"embeddable":true,"href":"https:\/\/shopinthecity.it\/torino\/wp-json\/wp\/v2\/comments?post=19067"}],"version-history":[{"count":0,"href":"https:\/\/shopinthecity.it\/torino\/wp-json\/wp\/v2\/posts\/19067\/revisions"}],"wp:featuredmedia":[{"embeddable":true,"href":"https:\/\/shopinthecity.it\/torino\/wp-json\/wp\/v2\/media\/19068"}],"wp:attachment":[{"href":"https:\/\/shopinthecity.it\/torino\/wp-json\/wp\/v2\/media?parent=19067"}],"wp:term":[{"taxonomy":"category","embeddable":true,"href":"https:\/\/shopinthecity.it\/torino\/wp-json\/wp\/v2\/categories?post=19067"},{"taxonomy":"post_tag","embeddable":true,"href":"https:\/\/shopinthecity.it\/torino\/wp-json\/wp\/v2\/tags?post=19067"}],"curies":[{"name":"wp","href":"https:\/\/api.w.org\/{rel}","templated":true}]}}