{"id":19945,"date":"2026-08-31T12:32:07","date_gmt":"2026-08-31T10:32:07","guid":{"rendered":"https:\/\/shopinthecity.it\/torino\/?p=19945"},"modified":"2026-08-31T12:32:19","modified_gmt":"2026-08-31T10:32:19","slug":"gallerie-ditalia-ultimi-giorni-per-visitare-le-mostre-di-nick-brandt-e-diana-markosian","status":"publish","type":"post","link":"https:\/\/shopinthecity.it\/torino\/gallerie-ditalia-ultimi-giorni-per-visitare-le-mostre-di-nick-brandt-e-diana-markosian\/","title":{"rendered":"Gallerie d'Italia: ultimi giorni per visitare le mostre di Nick Brandt e Diana Markosian"},"content":{"rendered":"\n<p>Ultimi giorni per visitare le mostre \u201c<a><em>Nick Brandt<\/em><\/a><em>. The Day May Break. La luce alla fine del giorno<\/em>\u201d, a cura di Arianna Rinaldo, e \u201c<em>Diana Markosian. Replaced<\/em>\u201d, a cura di Brandei Estes alle Gallerie d\u2019Italia \u2013 Torino. Le due mostre chiuderanno il 6 settembre, lasciando spazio a una nuova stagione dedicata alla fotografia contemporanea e alle trasformazioni del paesaggio.<\/p>\n\n\n\n<p>Il progetto&nbsp;<em>The Day May Break<\/em>&nbsp;\u00e8 una serie di circa sessanta opere articolata in quattro capitoli, che ritrae persone e animali colpiti dal cambiamento climatico, dal degrado e dalla devastazione ambientale. Per la prima volta alle Gallerie d'Italia di Torino sono presentati insieme tutti e quattro i capitoli della serie, compreso l'ultimo, commissionato da Intesa Sanpaolo.<\/p>\n\n\n\n<p>La mostra&nbsp;<em>Replaced<\/em>, realizzata su committenza originale di Intesa Sanpaolo, presenta in anteprima assoluta il nuovo progetto di una delle pi\u00f9 interessanti protagoniste della fotografia contemporanea internazionale.<\/p>\n\n\n\n<p>Il programma autunnale delle Gallerie d\u2019Italia - Torino di Intesa Sanpaolo si apre il 1\u00b0 ottobre con \u201c<strong>Luca Campigotto. Wandering Europe\u201d<\/strong>, a cura di Walter Guadagnini nell\u2019ambito della rassegna La Grande Fotografia Italiana, curata da Roberto Koch. Il progetto, visitabile fino al 7 febbraio, rende omaggio a uno dei protagonisti della fotografia italiana contemporanea, la cui ricerca si \u00e8 sviluppata intorno al viaggio, alle citt\u00e0 e ai paesaggi, esplorati in tutto il mondo attraverso immagini a colori e in bianco e nero. Su commissione di Intesa Sanpaolo, Campigotto ha intrapreso un percorso fotografico attraverso l\u2019Europa, confrontandosi con la complessit\u00e0 e le contraddizioni del paesaggio contemporaneo: luoghi segnati dall\u2019inquinamento e dall\u2019intervento umano convivono con paesaggi naturali ancora grandiosi e incontaminati, in un viaggio alla ricerca di una bellezza capace di comprendere anche il sentimento della meraviglia e dello sdegno.<\/p>\n\n\n\n<p>Dal 22 ottobre apre la mostra \u201c<strong>Anastasia Samoylova. Harbour<\/strong>\u201d a cura di Emanuela Mazzonis, fino al 7 febbraio. L\u2019artista russo-americana, tra le voci pi\u00f9 autorevoli della fotografia contemporanea, sviluppa una nuova ricerca dedicata alle citt\u00e0 d\u2019acqua europee e alle trasformazioni del loro paesaggio. Genova, Venezia, Rotterdam, Marsiglia, Lisbona, Atene e Istanbul saranno al centro di un progetto commissionato da Intesa Sanpaolo, che affronta il rapporto tra comunit\u00e0, turismo e ambiente e le crescenti fragilit\u00e0 legate alla crisi climatica. Il progetto si inserisce nel percorso di ricerca dell\u2019artista, gi\u00e0 al centro di FloodZone, dedicato alle conseguenze dell\u2019innalzamento del livello del mare.<\/p>\n\n\n\n<p>La nuova programmazione conferma la vocazione delle Gallerie d\u2019Italia \u2013 Torino a esplorare, attraverso la fotografia, i grandi cambiamenti del presente e il rapporto tra uomo, ambiente e paesaggio.<\/p>\n\n\n\n<h2 class=\"wp-block-heading\"><strong>INFORMAZIONI UTILI<\/strong><\/h2>\n\n\n\n<p><strong>DOVE:<\/strong> Gallerie d\u2019Italia \u2013 Torino, Piazza San Carlo 156, Torino<\/p>\n\n\n\n<p><strong>ORARI:<\/strong> marted\u00ec, gioved\u00ec, venerd\u00ec, sabato e domenica dalle 9.30 alle 19.00; ultimo ingresso alle ore 18:00<\/p>\n\n\n\n<p><strong>TARIFFE: <\/strong>intero 12\u20ac, ridotto 10\u20ac, ingresso gratuito per convenzionati, scuole, minori di 26 anni e prima<\/p>\n\n\n\n<p>domenica del mese; ridotto speciale 6\u20ac per clienti del Gruppo Intesa Sanpaolo, studenti UNITO e POLITO<\/p>\n\n\n\n<p><strong>INFORMAZIONI E PRENOTAZIONI:<\/strong> <a href=\"http:\/\/www.gallerieditalia.com\" target=\"_blank\" rel=\"noopener\">http:\/\/www.gallerieditalia.com<\/a>, <a href=\"mailto:torino@gallerieditalia.com\">torino@gallerieditalia.com<\/a>, Numero<\/p>\n\n\n\n<p>Verde 800.167619<\/p>\n","protected":false},"excerpt":{"rendered":"<p>Ultimi giorni per visitare le mostre \u201cNick Brandt. The Day May Break. La luce alla fine del giorno\u201d, a cura di Arianna Rinaldo, e \u201cDiana Markosian. Replaced\u201d, a cura di Brandei Estes alle Gallerie d\u2019Italia \u2013 Torino. Le due mostre chiuderanno il 6 settembre, lasciando spazio a una nuova stagione dedicata alla fotografia contemporanea e [&hellip;]<\/p>\n","protected":false},"author":7,"featured_media":19946,"comment_status":"open","ping_status":"open","sticky":false,"template":"","format":"standard","meta":{"_acf_changed":false,"_monsterinsights_skip_tracking":false,"_monsterinsights_sitenote_active":false,"_monsterinsights_sitenote_note":"","_monsterinsights_sitenote_category":0,"footnotes":""},"categories":[190],"tags":[],"class_list":["post-19945","post","type-post","status-publish","format-standard","has-post-thumbnail","hentry","category-eventi"],"acf":[],"_links":{"self":[{"href":"https:\/\/shopinthecity.it\/torino\/wp-json\/wp\/v2\/posts\/19945","targetHints":{"allow":["GET"]}}],"collection":[{"href":"https:\/\/shopinthecity.it\/torino\/wp-json\/wp\/v2\/posts"}],"about":[{"href":"https:\/\/shopinthecity.it\/torino\/wp-json\/wp\/v2\/types\/post"}],"author":[{"embeddable":true,"href":"https:\/\/shopinthecity.it\/torino\/wp-json\/wp\/v2\/users\/7"}],"replies":[{"embeddable":true,"href":"https:\/\/shopinthecity.it\/torino\/wp-json\/wp\/v2\/comments?post=19945"}],"version-history":[{"count":0,"href":"https:\/\/shopinthecity.it\/torino\/wp-json\/wp\/v2\/posts\/19945\/revisions"}],"wp:featuredmedia":[{"embeddable":true,"href":"https:\/\/shopinthecity.it\/torino\/wp-json\/wp\/v2\/media\/19946"}],"wp:attachment":[{"href":"https:\/\/shopinthecity.it\/torino\/wp-json\/wp\/v2\/media?parent=19945"}],"wp:term":[{"taxonomy":"category","embeddable":true,"href":"https:\/\/shopinthecity.it\/torino\/wp-json\/wp\/v2\/categories?post=19945"},{"taxonomy":"post_tag","embeddable":true,"href":"https:\/\/shopinthecity.it\/torino\/wp-json\/wp\/v2\/tags?post=19945"}],"curies":[{"name":"wp","href":"https:\/\/api.w.org\/{rel}","templated":true}]}}