{"id":19948,"date":"2026-09-03T15:49:37","date_gmt":"2026-09-03T13:49:37","guid":{"rendered":"https:\/\/shopinthecity.it\/torino\/?p=19948"},"modified":"2026-09-03T15:49:45","modified_gmt":"2026-09-03T13:49:45","slug":"ecco-miss-piemonte-e-miss-valle-daosta-2","status":"publish","type":"post","link":"https:\/\/shopinthecity.it\/torino\/ecco-miss-piemonte-e-miss-valle-daosta-2\/","title":{"rendered":"Ecco Miss Piemonte e Miss Valle d'Aosta"},"content":{"rendered":"\n<p>Si \u00e8 tenuta domenica 30 agosto, nella suggestiva cornice <strong>dell\u2019Anfiteatro Romano<\/strong> dello <strong>Zoom d<\/strong>i Cumiana, la finalissima regionale di Miss Italia Piemonte e Valle d\u2019Aosta che ha decretato le prime due finaliste di Miss Italia 2026<\/p>\n\n\n\n<p>A vincere il titolo di Miss Piemonte 2026 \u00e8 stata la bellissima <strong>Francesca Rita Longobardi<\/strong>, 20 anni di Torino, solare ed elegante la sua figura a \u00e8 paragonata alla piemontesissima Miss Italia 2004, <strong>Cristina Chiabotto<\/strong>. Modella per passione, sogna di entrare nel mondo del cinema.<\/p>\n\n\n\n<p>Il titolo di Miss Valle d\u2019Aosta \u00e8 andato, invece, a <strong>Emily Zoe Pugliese<\/strong>, 19 anni di Ciri\u00e8, bellissima con grandi occhi blu studia Medicina e sogna di entrare nel mondo dello spettacolo.&nbsp;<\/p>\n\n\n\n<p>Entrambe accedono d diritto alla finale nazionale in Academy a <strong>Roma<\/strong> presso il <strong>Castello di Santa Severa<\/strong> a <strong>Santa Marinella<\/strong> prevista il 21settembre.<\/p>\n\n\n\n<p>Con le finaliste ci sono anche altre <strong>11 prefinaliste<\/strong> che in questi giorni stanno affrontando la giuria di Roma per poter accedere alle finali nazionali.<\/p>\n\n\n\n<p>Miss Social <strong>Beatrice Pappadia, Collegno<\/strong><\/p>\n\n\n\n<p>Miss Chef in famiglia <strong>Letizia Arbellia, Chieri<\/strong><\/p>\n\n\n\n<p>Miss Eleganza <strong>Alice Nosenzo, Asti, Portocomaro<\/strong><\/p>\n\n\n\n<p>Miss Cinema <strong>Carlotta Anquilano, Caselle<\/strong><\/p>\n\n\n\n<p>Miss Miluna <strong>Sofia Iacob, Torino<\/strong><\/p>\n\n\n\n<p>Miss Givova <strong>Nicole Medini, Carmagnola<\/strong>&nbsp;<\/p>\n\n\n\n<p>Miss Mont Blanc <strong>Giulia Magrofuoco, Rivoli<\/strong><\/p>\n\n\n\n<p>Miss Torino Fashion Week <strong>Florence Gavinelli, Novara<\/strong><\/p>\n\n\n\n<p>Miss Torino <strong>Greta Vianelli, Torino<\/strong><\/p>\n\n\n\n<p>Miss Framesi <strong>Arianna Risso, Centallo, Cuneo<\/strong><\/p>\n\n\n\n<p>Miss Sorriso <strong>Martina Viglierco<\/strong><\/p>\n\n\n\n<p>La serata \u00e8 stata presentata da Andre Beltramo e Alicya Ferrero, caratterizzata da momenti di moda, musica e spettacolo, con la direzione musicale di&nbsp;<strong>Tony Brera<\/strong> che ha accompagnato le diverse fasi della manifestazione fino al momento pi\u00f9 atteso: la proclamazione delle nuove reginette regionali.<\/p>\n\n\n\n<p>\u00ab<strong>Portare la finalissima di Miss Italia Piemonte e Valle d\u2019Aosta in una location straordinaria come Zoom rappresenta per noi un motivo di grande orgoglio<\/strong>&nbsp;\u2013 dichiara&nbsp;<strong>Mirella Rocca<\/strong>, esclusivista regionale di Miss Italia per Piemonte e Valle d\u2019Aosta \u2013. Abbiamo voluto regalare alle nostre ragazze e al pubblico una serata speciale, capace di valorizzare non soltanto la bellezza, ma anche il talento, la personalit\u00e0 e il legame con il nostro territorio. Per le concorrenti questa finalissima \u00e8 il coronamento di un percorso fatto di impegno, emozioni e crescita personale\u00bb.<\/p>\n\n\n\n<p>La scelta di Zoom Torino ha inoltre sottolineato la volont\u00e0 di valorizzare il Piemonte attraverso una delle sue realt\u00e0 pi\u00f9 originali e conosciute, creando un incontro tra spettacolo e natura all\u2019interno di uno scenario particolarmente scenografico.<\/p>\n\n\n\n<p>Con la serata di Cumiana si conclude cos\u00ec il lungo percorso regionale di Miss Italia Piemonte e Valle d\u2019Aosta, iniziato nei mesi scorsi con numerose selezioni e finali territoriali che hanno coinvolto ragazze provenienti da tutto il Piemonte e dalla Valle d\u2019Aosta.<\/p>\n\n\n\n<p>Una stagione ricca di appuntamenti, pubblico ed emozioni che ha portato ancora una volta Miss Italia a animare piazze, citt\u00e0 e territori, trasformando ogni selezione in un\u2019occasione di spettacolo e valorizzazione delle eccellenze locali.<\/p>\n","protected":false},"excerpt":{"rendered":"<p>Si \u00e8 tenuta domenica 30 agosto, nella suggestiva cornice dell\u2019Anfiteatro Romano dello Zoom di Cumiana, la finalissima regionale di Miss Italia Piemonte e Valle d\u2019Aosta che ha decretato le prime due finaliste di Miss Italia 2026 A vincere il titolo di Miss Piemonte 2026 \u00e8 stata la bellissima Francesca Rita Longobardi, 20 anni di Torino, [&hellip;]<\/p>\n","protected":false},"author":7,"featured_media":19949,"comment_status":"open","ping_status":"open","sticky":false,"template":"","format":"standard","meta":{"_acf_changed":false,"_monsterinsights_skip_tracking":false,"_monsterinsights_sitenote_active":false,"_monsterinsights_sitenote_note":"","_monsterinsights_sitenote_category":0,"footnotes":""},"categories":[85],"tags":[],"class_list":["post-19948","post","type-post","status-publish","format-standard","has-post-thumbnail","hentry","category-people"],"acf":[],"_links":{"self":[{"href":"https:\/\/shopinthecity.it\/torino\/wp-json\/wp\/v2\/posts\/19948","targetHints":{"allow":["GET"]}}],"collection":[{"href":"https:\/\/shopinthecity.it\/torino\/wp-json\/wp\/v2\/posts"}],"about":[{"href":"https:\/\/shopinthecity.it\/torino\/wp-json\/wp\/v2\/types\/post"}],"author":[{"embeddable":true,"href":"https:\/\/shopinthecity.it\/torino\/wp-json\/wp\/v2\/users\/7"}],"replies":[{"embeddable":true,"href":"https:\/\/shopinthecity.it\/torino\/wp-json\/wp\/v2\/comments?post=19948"}],"version-history":[{"count":0,"href":"https:\/\/shopinthecity.it\/torino\/wp-json\/wp\/v2\/posts\/19948\/revisions"}],"wp:featuredmedia":[{"embeddable":true,"href":"https:\/\/shopinthecity.it\/torino\/wp-json\/wp\/v2\/media\/19949"}],"wp:attachment":[{"href":"https:\/\/shopinthecity.it\/torino\/wp-json\/wp\/v2\/media?parent=19948"}],"wp:term":[{"taxonomy":"category","embeddable":true,"href":"https:\/\/shopinthecity.it\/torino\/wp-json\/wp\/v2\/categories?post=19948"},{"taxonomy":"post_tag","embeddable":true,"href":"https:\/\/shopinthecity.it\/torino\/wp-json\/wp\/v2\/tags?post=19948"}],"curies":[{"name":"wp","href":"https:\/\/api.w.org\/{rel}","templated":true}]}}