{"id":9707,"date":"2018-07-22T16:57:39","date_gmt":"2018-07-22T14:57:39","guid":{"rendered":"https:\/\/shopinthecity.it\/torino\/?p=9707"},"modified":"2018-10-17T12:28:58","modified_gmt":"2018-10-17T10:28:58","slug":"personal-shopper","status":"publish","type":"post","link":"https:\/\/shopinthecity.it\/torino\/personal-shopper\/","title":{"rendered":"Personal shopper \"Open House\""},"content":{"rendered":"<p><em>by Isabella Morbelli photo by Monica Veruggio<\/em><\/p>\n<p><em>Il reportage fotografico che da sempre caratterizza la nostra testata e propone un frizzante percorso turistico nella citt\u00e0.<img loading=\"lazy\" decoding=\"async\" class=\"size-medium wp-image-9826 alignright\" src=\"https:\/\/shopinthecity.it\/torino\/wp-content\/uploads\/sites\/2\/2018\/07\/4-2-300x169.jpg\" alt=\"\" width=\"300\" height=\"169\" srcset=\"https:\/\/shopinthecity.it\/torino\/wp-content\/uploads\/sites\/2\/2018\/07\/4-2-300x169.jpg 300w, https:\/\/shopinthecity.it\/torino\/wp-content\/uploads\/sites\/2\/2018\/07\/4-2-768x432.jpg 768w, https:\/\/shopinthecity.it\/torino\/wp-content\/uploads\/sites\/2\/2018\/07\/4-2-1024x576.jpg 1024w, https:\/\/shopinthecity.it\/torino\/wp-content\/uploads\/sites\/2\/2018\/07\/4-2-450x253.jpg 450w, https:\/\/shopinthecity.it\/torino\/wp-content\/uploads\/sites\/2\/2018\/07\/4-2-20x11.jpg 20w, https:\/\/shopinthecity.it\/torino\/wp-content\/uploads\/sites\/2\/2018\/07\/4-2-225x127.jpg 225w, https:\/\/shopinthecity.it\/torino\/wp-content\/uploads\/sites\/2\/2018\/07\/4-2-900x506.jpg 900w, https:\/\/shopinthecity.it\/torino\/wp-content\/uploads\/sites\/2\/2018\/07\/4-2.jpg 1280w\" sizes=\"auto, (max-width: 300px) 100vw, 300px\" \/><\/em><\/p>\n<p>Isabella insieme a Raquel, insegnante di spagnolo e matematica presso la scuola Wins, World international School di Torino, cominciano il tour \"Open House\" alla sua seconda edizione e, siccome il week-end \u00e8 fortunato, passeranno anche attraverso il Salone dell\u2019auto. Raquel vive a Torino dallo scorso ottobre e si \u00e8 gi\u00e0 innamorata della citt\u00e0. \u00c8 una ragazza che ama viaggiare: su Instagram ha 6000 follower, seguite il suo profilo @loschicos.travelloggers.<\/p>\n<p>Interessante scoprire Torino attraverso location che solitamente non sono visitabili: pi\u00f9 di 140 edifici tra case private, aziende ed eccellenze del patrimonio. Qui a fianco ci troviamo da Trakatan, un brand di borse e accessori dal design essenziale. Il laboratorio \u00e8 creativo, ordinato e super cool da vedere.<\/p>\n<p>In tram per un soggiorno. \u00c8 quello che vi pu\u00f2 capitare se siete un artista con una mostra e vi accolgono presso il Bivacco Urbano. Isadora, una ex azienda di gomma reinventata con gusto e funzionalit\u00e0 diventa abitazione moderna, loft su due piani luminosi.<img loading=\"lazy\" decoding=\"async\" class=\" wp-image-9827 alignright\" src=\"https:\/\/shopinthecity.it\/torino\/wp-content\/uploads\/sites\/2\/2018\/07\/4-3-300x169.jpg\" alt=\"\" width=\"318\" height=\"179\" srcset=\"https:\/\/shopinthecity.it\/torino\/wp-content\/uploads\/sites\/2\/2018\/07\/4-3-300x169.jpg 300w, https:\/\/shopinthecity.it\/torino\/wp-content\/uploads\/sites\/2\/2018\/07\/4-3-768x432.jpg 768w, https:\/\/shopinthecity.it\/torino\/wp-content\/uploads\/sites\/2\/2018\/07\/4-3-1024x576.jpg 1024w, https:\/\/shopinthecity.it\/torino\/wp-content\/uploads\/sites\/2\/2018\/07\/4-3-450x253.jpg 450w, https:\/\/shopinthecity.it\/torino\/wp-content\/uploads\/sites\/2\/2018\/07\/4-3-20x11.jpg 20w, https:\/\/shopinthecity.it\/torino\/wp-content\/uploads\/sites\/2\/2018\/07\/4-3-225x127.jpg 225w, https:\/\/shopinthecity.it\/torino\/wp-content\/uploads\/sites\/2\/2018\/07\/4-3-900x506.jpg 900w, https:\/\/shopinthecity.it\/torino\/wp-content\/uploads\/sites\/2\/2018\/07\/4-3.jpg 1280w\" sizes=\"auto, (max-width: 318px) 100vw, 318px\" \/><\/p>\n<p>Sempre nel tour \u201cOpen House\u201d ci perdiamo alla Nuvola, la nuova sede Lavazza. Dopo aver visitato spaziosi uffici futuristici e super funzionali ci dirigiamo verso il Bistrot \u201cLa centrale\u201d, mensa aperta a pranzo anche al pubblico. Gianfranco Calzoni che gestisce la Nuovaristorazione, ci fa da cicerone in questi meravigliosi locali e ci racconta la filosofia dell\u2019azienda, con visibile passione verso il suo lavoro..<\/p>\n<p>Qui a fianco con Carmencita e Caballero al Museo Lavazza torniamo indietro nel tempo attraverso la storia della comunicazione pubblicitaria dell\u2019azienda quando ancora il caff\u00e8 era Paulista.<\/p>\n<p>Qui a fianco con Carmencita e Caballero al Museo Lavazza torniamo indietro nel tempo attraverso la storia della comunicazione pubblicitaria dell\u2019azienda quando ancora il caff\u00e8 era Paulista.<\/p>\n<p>Infine passando per le Porte Palatine, che ci ricordano la nostra origine Romanica, approdiamo al Valentino dove si sta svolgendo la quarta edizione del Salone dell\u2019auto di Torino. Restiamo affascinate dall\u2019opera di Leonardo Giacomo Borgese nell\u2019area espositiva Suzuki, una colorata ed \u2018artistica\u2019 Ignis Hybrid oggetto della \u201cSuzuki Hybrid Art\u201d.<\/p>\n","protected":false},"excerpt":{"rendered":"<p>by Isabella Morbelli photo by Monica Veruggio Il reportage fotografico che da sempre caratterizza la nostra testata e propone un frizzante percorso turistico nella citt\u00e0. Isabella insieme a Raquel, insegnante di spagnolo e matematica presso la scuola Wins, World international School di Torino, cominciano il tour \"Open House\" alla sua seconda edizione e, siccome il [&hellip;]<\/p>\n","protected":false},"author":5,"featured_media":9701,"comment_status":"open","ping_status":"open","sticky":false,"template":"","format":"image","meta":{"_acf_changed":false,"_monsterinsights_skip_tracking":false,"_monsterinsights_sitenote_active":false,"_monsterinsights_sitenote_note":"","_monsterinsights_sitenote_category":0,"footnotes":""},"categories":[133],"tags":[],"class_list":["post-9707","post","type-post","status-publish","format-image","has-post-thumbnail","hentry","category-personal-shopper","post_format-post-format-image"],"acf":[],"_links":{"self":[{"href":"https:\/\/shopinthecity.it\/torino\/wp-json\/wp\/v2\/posts\/9707","targetHints":{"allow":["GET"]}}],"collection":[{"href":"https:\/\/shopinthecity.it\/torino\/wp-json\/wp\/v2\/posts"}],"about":[{"href":"https:\/\/shopinthecity.it\/torino\/wp-json\/wp\/v2\/types\/post"}],"author":[{"embeddable":true,"href":"https:\/\/shopinthecity.it\/torino\/wp-json\/wp\/v2\/users\/5"}],"replies":[{"embeddable":true,"href":"https:\/\/shopinthecity.it\/torino\/wp-json\/wp\/v2\/comments?post=9707"}],"version-history":[{"count":0,"href":"https:\/\/shopinthecity.it\/torino\/wp-json\/wp\/v2\/posts\/9707\/revisions"}],"wp:featuredmedia":[{"embeddable":true,"href":"https:\/\/shopinthecity.it\/torino\/wp-json\/wp\/v2\/media\/9701"}],"wp:attachment":[{"href":"https:\/\/shopinthecity.it\/torino\/wp-json\/wp\/v2\/media?parent=9707"}],"wp:term":[{"taxonomy":"category","embeddable":true,"href":"https:\/\/shopinthecity.it\/torino\/wp-json\/wp\/v2\/categories?post=9707"},{"taxonomy":"post_tag","embeddable":true,"href":"https:\/\/shopinthecity.it\/torino\/wp-json\/wp\/v2\/tags?post=9707"}],"curies":[{"name":"wp","href":"https:\/\/api.w.org\/{rel}","templated":true}]}}